{"id":140,"date":"2017-06-20T14:36:07","date_gmt":"2017-06-20T12:36:07","guid":{"rendered":"http:\/\/neu.musikschule-suedheide.at\/?p=140"},"modified":"2017-09-30T10:53:55","modified_gmt":"2017-09-30T08:53:55","slug":"sarah-zwiebler-klasse-mag-simone-finster-absolvierte-die-bronze-pruefung","status":"publish","type":"post","link":"http:\/\/neu.musikschule-suedheide.at\/?p=140","title":{"rendered":"Sarah Zwiebler (Klasse Mag. Simone Finster) absolvierte die Bronze-Pr\u00fcfung"},"content":{"rendered":"<p class=\"Stil3\" align=\"left\"><strong>Sarah Zwiebler (Klasse Mag. Simone Finster) absolvierte die Bronze-Pr\u00fcfung\u00a0<\/strong><\/p>\n<p class=\"Stil2\">&#8222;Sarah Zwiebler (Klasse Mag. Simone Finster) absolvierte die Bronze-Pr\u00fcfung im Rahmen des Vortragsabends f\u00fcr Fl\u00f6te, Gesang &amp; Klavier am 19. Juni 2017. Die junge Preistr\u00e4gerin (&#8222;Prima la musica&#8220; 2017, 1. Preis) erhielt die Bewertung &#8222;mit ausgezeichnetem Erfolg&#8220;.<br \/>\nBegleitet wurde Sarah Zwiebler von Musikschulleiterin\u00a0 Mag. Martina Raab, MA am Klavier.&#8220;<\/p>\n<p align=\"justify\">\n<p align=\"center\"><img loading=\"lazy\" src=\"http:\/\/neu.musikschule-suedheide.at\/wp-content\/uploads\/2017\/09\/Sarah-Zwiebler-Bronze-U\u0308P.jpg\" width=\"230\" height=\"306\" \/><br \/>\n<span class=\"Stil5\">Bild Privat<\/span><\/p>\n","protected":false},"excerpt":{"rendered":"<p>Sarah Zwiebler (Klasse Mag. Simone Finster) absolvierte die Bronze-Pr\u00fcfung\u00a0 &#8222;Sarah Zwiebler (Klasse Mag. Simone Finster) absolvierte die Bronze-Pr\u00fcfung im Rahmen des Vortragsabends f\u00fcr Fl\u00f6te, Gesang &amp; Klavier am 19. Juni 2017. Die junge Preistr\u00e4gerin (&#8222;Prima la musica&#8220; 2017, 1. Preis) erhielt die Bewertung &#8222;mit ausgezeichnetem Erfolg&#8220;. Begleitet wurde Sarah Zwiebler von Musikschulleiterin\u00a0 Mag. Martina Raab, &hellip; <\/p>\n<p class=\"link-more\"><a href=\"http:\/\/neu.musikschule-suedheide.at\/?p=140\" class=\"more-link\"><span class=\"screen-reader-text\">\u201eSarah Zwiebler (Klasse Mag. Simone Finster) absolvierte die Bronze-Pr\u00fcfung\u201c<\/span> weiterlesen<\/a><\/p>\n","protected":false},"author":1,"featured_media":0,"comment_status":"closed","ping_status":"closed","sticky":false,"template":"","format":"standard","meta":[],"categories":[1],"tags":[],"_links":{"self":[{"href":"http:\/\/neu.musikschule-suedheide.at\/index.php?rest_route=\/wp\/v2\/posts\/140"}],"collection":[{"href":"http:\/\/neu.musikschule-suedheide.at\/index.php?rest_route=\/wp\/v2\/posts"}],"about":[{"href":"http:\/\/neu.musikschule-suedheide.at\/index.php?rest_route=\/wp\/v2\/types\/post"}],"author":[{"embeddable":true,"href":"http:\/\/neu.musikschule-suedheide.at\/index.php?rest_route=\/wp\/v2\/users\/1"}],"replies":[{"embeddable":true,"href":"http:\/\/neu.musikschule-suedheide.at\/index.php?rest_route=%2Fwp%2Fv2%2Fcomments&post=140"}],"version-history":[{"count":2,"href":"http:\/\/neu.musikschule-suedheide.at\/index.php?rest_route=\/wp\/v2\/posts\/140\/revisions"}],"predecessor-version":[{"id":285,"href":"http:\/\/neu.musikschule-suedheide.at\/index.php?rest_route=\/wp\/v2\/posts\/140\/revisions\/285"}],"wp:attachment":[{"href":"http:\/\/neu.musikschule-suedheide.at\/index.php?rest_route=%2Fwp%2Fv2%2Fmedia&parent=140"}],"wp:term":[{"taxonomy":"category","embeddable":true,"href":"http:\/\/neu.musikschule-suedheide.at\/index.php?rest_route=%2Fwp%2Fv2%2Fcategories&post=140"},{"taxonomy":"post_tag","embeddable":true,"href":"http:\/\/neu.musikschule-suedheide.at\/index.php?rest_route=%2Fwp%2Fv2%2Ftags&post=140"}],"curies":[{"name":"wp","href":"https:\/\/api.w.org\/{rel}","templated":true}]}}