{"id":1491,"date":"2022-06-23T04:29:53","date_gmt":"2022-06-23T02:29:53","guid":{"rendered":"http:\/\/neu.musikschule-suedheide.at\/?p=1491"},"modified":"2022-06-23T04:29:53","modified_gmt":"2022-06-23T02:29:53","slug":"klassenabend-gesang_mit-schuelerinnen-von-selina-frimpong_ansah","status":"publish","type":"post","link":"http:\/\/neu.musikschule-suedheide.at\/?p=1491","title":{"rendered":"Klassenabend Gesang_mit Sch\u00fclerInnen von Selina Frimpong_Ansah"},"content":{"rendered":"<p><img loading=\"lazy\" class=\"alignnone size-medium wp-image-1492\" src=\"http:\/\/neu.musikschule-suedheide.at\/wp-content\/uploads\/2022\/06\/3465529C-CB5B-41B7-943D-78CE23BA01C4-213x300.jpeg\" alt=\"\" width=\"213\" height=\"300\" srcset=\"http:\/\/neu.musikschule-suedheide.at\/wp-content\/uploads\/2022\/06\/3465529C-CB5B-41B7-943D-78CE23BA01C4-213x300.jpeg 213w, http:\/\/neu.musikschule-suedheide.at\/wp-content\/uploads\/2022\/06\/3465529C-CB5B-41B7-943D-78CE23BA01C4.jpeg 709w\" sizes=\"(max-width: 213px) 100vw, 213px\" \/><br \/>\nWir laden herzlich ein zum Klassenabend Gesang mit Sch\u00fclerinnen und Sch\u00fclern von Selina Frimpong-Ansah.<\/p>\n<p>Wir freuen uns auf viel Publikum im neuen Saal in Zw\u00f6lfaxing!<\/p>\n<p>Klassenabend Gesang: 27.6.2022<br \/>\n<span style=\"font-size: 1rem;\">Beginn: 18.30<\/span><\/p>\n<p>Ort: Saal im 1. Stock, Raiffeisenstr. 27-29, 2322 Zw\u00f6lfaxing<\/p>\n","protected":false},"excerpt":{"rendered":"<p>Wir laden herzlich ein zum Klassenabend Gesang mit Sch\u00fclerinnen und Sch\u00fclern von Selina Frimpong-Ansah. Wir freuen uns auf viel Publikum im neuen Saal in Zw\u00f6lfaxing! Klassenabend Gesang: 27.6.2022 Beginn: 18.30 Ort: Saal im 1. Stock, Raiffeisenstr. 27-29, 2322 Zw\u00f6lfaxing<\/p>\n","protected":false},"author":2,"featured_media":0,"comment_status":"closed","ping_status":"closed","sticky":false,"template":"","format":"standard","meta":[],"categories":[1],"tags":[],"_links":{"self":[{"href":"http:\/\/neu.musikschule-suedheide.at\/index.php?rest_route=\/wp\/v2\/posts\/1491"}],"collection":[{"href":"http:\/\/neu.musikschule-suedheide.at\/index.php?rest_route=\/wp\/v2\/posts"}],"about":[{"href":"http:\/\/neu.musikschule-suedheide.at\/index.php?rest_route=\/wp\/v2\/types\/post"}],"author":[{"embeddable":true,"href":"http:\/\/neu.musikschule-suedheide.at\/index.php?rest_route=\/wp\/v2\/users\/2"}],"replies":[{"embeddable":true,"href":"http:\/\/neu.musikschule-suedheide.at\/index.php?rest_route=%2Fwp%2Fv2%2Fcomments&post=1491"}],"version-history":[{"count":1,"href":"http:\/\/neu.musikschule-suedheide.at\/index.php?rest_route=\/wp\/v2\/posts\/1491\/revisions"}],"predecessor-version":[{"id":1493,"href":"http:\/\/neu.musikschule-suedheide.at\/index.php?rest_route=\/wp\/v2\/posts\/1491\/revisions\/1493"}],"wp:attachment":[{"href":"http:\/\/neu.musikschule-suedheide.at\/index.php?rest_route=%2Fwp%2Fv2%2Fmedia&parent=1491"}],"wp:term":[{"taxonomy":"category","embeddable":true,"href":"http:\/\/neu.musikschule-suedheide.at\/index.php?rest_route=%2Fwp%2Fv2%2Fcategories&post=1491"},{"taxonomy":"post_tag","embeddable":true,"href":"http:\/\/neu.musikschule-suedheide.at\/index.php?rest_route=%2Fwp%2Fv2%2Ftags&post=1491"}],"curies":[{"name":"wp","href":"https:\/\/api.w.org\/{rel}","templated":true}]}}