{"id":1596,"date":"2022-12-02T12:04:17","date_gmt":"2022-12-02T11:04:17","guid":{"rendered":"http:\/\/neu.musikschule-suedheide.at\/?p=1596"},"modified":"2022-12-02T14:49:11","modified_gmt":"2022-12-02T13:49:11","slug":"musikalischer-adventskalender-der-musikschulen-suedheide-instagram-you-tube-kanal-facebook","status":"publish","type":"post","link":"http:\/\/neu.musikschule-suedheide.at\/?p=1596","title":{"rendered":"Musikalischer Adventskalender der Musikschulen S\u00fcdheide (Instagram, You Tube Kanal, Facebook)"},"content":{"rendered":"<p><strong>Musikalischer Adventskalender der Musikschule S\u00fcdheide<br \/>\n<\/strong><\/p>\n<p>Heuer gibt es einen Musikalischen Adventskalender auf unseren Social \u00a0Mediakan\u00e4len\u00a0mit musikalischen Beitr\u00e4gen der Musikschulen S\u00fcdheide.<\/p>\n<p>Adventstimmung sp\u00fcren inmitten des hektischen Alltags \u00a0&#8211;\u00a0kurz innehalten, f\u00fcr einen kurzen Moment abschalten, bewusst im Jetzt und Hier sein, sich auf die Musik einlassen und daraus neue Kraft sch\u00f6pfen:<\/p>\n<p>Unsere Sch\u00fclerInnen und Sch\u00fcler und wir vom Lehrerteam freuen uns, wenn dies mit unseren musikalischen Beitr\u00e4ge im Rahmen unseres Musikschul-Adventskalenders gelingt.<\/p>\n<p><b>You Tube-Kanal der Musikschule S\u00fcdheide:<\/b><\/p>\n<p>&nbsp;<\/p>\n<p><img loading=\"lazy\" class=\"alignnone size-medium wp-image-1603\" src=\"http:\/\/neu.musikschule-suedheide.at\/wp-content\/uploads\/2022\/12\/34A03988-62E3-49CE-BE25-869C3B0FBB9F-220x300.jpeg\" alt=\"\" width=\"220\" height=\"300\" srcset=\"http:\/\/neu.musikschule-suedheide.at\/wp-content\/uploads\/2022\/12\/34A03988-62E3-49CE-BE25-869C3B0FBB9F-220x300.jpeg 220w, http:\/\/neu.musikschule-suedheide.at\/wp-content\/uploads\/2022\/12\/34A03988-62E3-49CE-BE25-869C3B0FBB9F-749x1024.jpeg 749w, http:\/\/neu.musikschule-suedheide.at\/wp-content\/uploads\/2022\/12\/34A03988-62E3-49CE-BE25-869C3B0FBB9F-768x1050.jpeg 768w, http:\/\/neu.musikschule-suedheide.at\/wp-content\/uploads\/2022\/12\/34A03988-62E3-49CE-BE25-869C3B0FBB9F-1124x1536.jpeg 1124w, http:\/\/neu.musikschule-suedheide.at\/wp-content\/uploads\/2022\/12\/34A03988-62E3-49CE-BE25-869C3B0FBB9F.jpeg 1170w\" sizes=\"(max-width: 220px) 100vw, 220px\" \/><\/p>\n<p><iframe loading=\"lazy\" title=\"Musikalischer Adventkalender der Musikschule S\u00fcdheide 2022_ 2.Dezember_Klavier\" width=\"525\" height=\"295\" src=\"https:\/\/www.youtube.com\/embed\/pddzY1nefA8?feature=oembed\" frameborder=\"0\" allow=\"accelerometer; autoplay; clipboard-write; encrypted-media; gyroscope; picture-in-picture\" allowfullscreen><\/iframe><\/p>\n<p>&nbsp;<\/p>\n<p><iframe loading=\"lazy\" title=\"Musikalischer Adventkalender der Musikschule S\u00fcdheide 2022_1. Dezember_Klarinette\" width=\"525\" height=\"295\" src=\"https:\/\/www.youtube.com\/embed\/XPmAJ8KPG5M?feature=oembed\" frameborder=\"0\" allow=\"accelerometer; autoplay; clipboard-write; encrypted-media; gyroscope; picture-in-picture\" allowfullscreen><\/iframe><\/p>\n<p>&nbsp;<\/p>\n<p>&nbsp;<\/p>\n<p><b>Instagramaccount der Musikschulen S\u00fcdheide:<\/b><\/p>\n<p>&nbsp;<\/p>\n<p><img loading=\"lazy\" class=\"alignnone size-medium wp-image-1602\" src=\"http:\/\/neu.musikschule-suedheide.at\/wp-content\/uploads\/2022\/12\/FD645F47-CEA2-4405-B303-0FC7E4A5FDF5-287x300.jpeg\" alt=\"\" width=\"287\" height=\"300\" srcset=\"http:\/\/neu.musikschule-suedheide.at\/wp-content\/uploads\/2022\/12\/FD645F47-CEA2-4405-B303-0FC7E4A5FDF5-287x300.jpeg 287w, http:\/\/neu.musikschule-suedheide.at\/wp-content\/uploads\/2022\/12\/FD645F47-CEA2-4405-B303-0FC7E4A5FDF5-768x803.jpeg 768w, http:\/\/neu.musikschule-suedheide.at\/wp-content\/uploads\/2022\/12\/FD645F47-CEA2-4405-B303-0FC7E4A5FDF5.jpeg 808w\" sizes=\"(max-width: 287px) 100vw, 287px\" \/><\/p>\n<p><strong>\u00a0<\/strong><\/p>\n<p>&nbsp;<\/p>\n<p>&nbsp;<\/p>\n<p>&nbsp;<\/p>\n<p>&nbsp;<\/p>\n<p>&nbsp;<\/p>\n<p>&nbsp;<\/p>\n","protected":false},"excerpt":{"rendered":"<p>Musikalischer Adventskalender der Musikschule S\u00fcdheide Heuer gibt es einen Musikalischen Adventskalender auf unseren Social \u00a0Mediakan\u00e4len\u00a0mit musikalischen Beitr\u00e4gen der Musikschulen S\u00fcdheide. Adventstimmung sp\u00fcren inmitten des hektischen Alltags \u00a0&#8211;\u00a0kurz innehalten, f\u00fcr einen kurzen Moment abschalten, bewusst im Jetzt und Hier sein, sich auf die Musik einlassen und daraus neue Kraft sch\u00f6pfen: Unsere Sch\u00fclerInnen und Sch\u00fcler und wir &hellip; <\/p>\n<p class=\"link-more\"><a href=\"http:\/\/neu.musikschule-suedheide.at\/?p=1596\" class=\"more-link\"><span class=\"screen-reader-text\">\u201eMusikalischer Adventskalender der Musikschulen S\u00fcdheide (Instagram, You Tube Kanal, Facebook)\u201c<\/span> weiterlesen<\/a><\/p>\n","protected":false},"author":2,"featured_media":0,"comment_status":"closed","ping_status":"closed","sticky":false,"template":"","format":"standard","meta":[],"categories":[1],"tags":[],"_links":{"self":[{"href":"http:\/\/neu.musikschule-suedheide.at\/index.php?rest_route=\/wp\/v2\/posts\/1596"}],"collection":[{"href":"http:\/\/neu.musikschule-suedheide.at\/index.php?rest_route=\/wp\/v2\/posts"}],"about":[{"href":"http:\/\/neu.musikschule-suedheide.at\/index.php?rest_route=\/wp\/v2\/types\/post"}],"author":[{"embeddable":true,"href":"http:\/\/neu.musikschule-suedheide.at\/index.php?rest_route=\/wp\/v2\/users\/2"}],"replies":[{"embeddable":true,"href":"http:\/\/neu.musikschule-suedheide.at\/index.php?rest_route=%2Fwp%2Fv2%2Fcomments&post=1596"}],"version-history":[{"count":5,"href":"http:\/\/neu.musikschule-suedheide.at\/index.php?rest_route=\/wp\/v2\/posts\/1596\/revisions"}],"predecessor-version":[{"id":1609,"href":"http:\/\/neu.musikschule-suedheide.at\/index.php?rest_route=\/wp\/v2\/posts\/1596\/revisions\/1609"}],"wp:attachment":[{"href":"http:\/\/neu.musikschule-suedheide.at\/index.php?rest_route=%2Fwp%2Fv2%2Fmedia&parent=1596"}],"wp:term":[{"taxonomy":"category","embeddable":true,"href":"http:\/\/neu.musikschule-suedheide.at\/index.php?rest_route=%2Fwp%2Fv2%2Fcategories&post=1596"},{"taxonomy":"post_tag","embeddable":true,"href":"http:\/\/neu.musikschule-suedheide.at\/index.php?rest_route=%2Fwp%2Fv2%2Ftags&post=1596"}],"curies":[{"name":"wp","href":"https:\/\/api.w.org\/{rel}","templated":true}]}}