{"id":1663,"date":"2023-02-18T06:16:23","date_gmt":"2023-02-18T05:16:23","guid":{"rendered":"http:\/\/neu.musikschule-suedheide.at\/?p=1663"},"modified":"2023-02-18T06:58:40","modified_gmt":"2023-02-18T05:58:40","slug":"klassenkonzert-querfloete-und-blockfloete_24-02-23","status":"publish","type":"post","link":"http:\/\/neu.musikschule-suedheide.at\/?p=1663","title":{"rendered":"Klassenkonzert Querfl\u00f6te und Blockfl\u00f6te_24 02 23"},"content":{"rendered":"<p>Wir starten mit viel Musik ins Sommersemester!<\/p>\n<p>Wir laden herzlich zu unserem ersten Klassenabend im Sommersemester ein:<\/p>\n<p>Sch\u00fcler:innen von Meike Melinz, MA, BA, BA musizieren am 24.2.2023.<\/p>\n<p><strong>Klassenkonzert Querfl\u00f6te und Blockfl\u00f6te<\/strong><\/p>\n<p><strong>24.2.2023\u00a0<\/strong><\/p>\n<p><strong>Beginn: \u00a017.00\u00a0<\/strong><\/p>\n<p><strong>Aula der \u00a0Volksschule Lanzendorf\u00a0<\/strong><\/p>\n<p>Dabei stehen\u00a0\u00a0auch Wettbewerbst\u00fccke f\u00fcr \u201eprima la musica\u201c auf dem Programm.<\/p>\n<p>Die letzten Vorbereitungen f\u00fcr den diesj\u00e4hrigen \u201eprima la musica\u201c- Wettbewerb laufen:<\/p>\n<p><span style=\"font-size: 1rem;\">Wir w\u00fcnschen allen Musiksch\u00fclerinnen und -sch\u00fclern \u00a0viel Erfolg und dr\u00fccken unseren Wettbewerbsteilnehmer:innen die Daumen!<\/span><\/p>\n<p>&nbsp;<\/p>\n<p><img loading=\"lazy\" class=\"alignnone size-medium wp-image-1664\" src=\"http:\/\/neu.musikschule-suedheide.at\/wp-content\/uploads\/2023\/02\/4AD547F9-E33C-467A-980E-9CD643171574-215x300.jpeg\" alt=\"\" width=\"215\" height=\"300\" srcset=\"http:\/\/neu.musikschule-suedheide.at\/wp-content\/uploads\/2023\/02\/4AD547F9-E33C-467A-980E-9CD643171574-215x300.jpeg 215w, http:\/\/neu.musikschule-suedheide.at\/wp-content\/uploads\/2023\/02\/4AD547F9-E33C-467A-980E-9CD643171574-735x1024.jpeg 735w, http:\/\/neu.musikschule-suedheide.at\/wp-content\/uploads\/2023\/02\/4AD547F9-E33C-467A-980E-9CD643171574-768x1071.jpeg 768w, http:\/\/neu.musikschule-suedheide.at\/wp-content\/uploads\/2023\/02\/4AD547F9-E33C-467A-980E-9CD643171574-1102x1536.jpeg 1102w, http:\/\/neu.musikschule-suedheide.at\/wp-content\/uploads\/2023\/02\/4AD547F9-E33C-467A-980E-9CD643171574.jpeg 1150w\" sizes=\"(max-width: 215px) 100vw, 215px\" \/><\/p>\n<p>&nbsp;<\/p>\n<p>&nbsp;<\/p>\n","protected":false},"excerpt":{"rendered":"<p>Wir starten mit viel Musik ins Sommersemester! Wir laden herzlich zu unserem ersten Klassenabend im Sommersemester ein: Sch\u00fcler:innen von Meike Melinz, MA, BA, BA musizieren am 24.2.2023. Klassenkonzert Querfl\u00f6te und Blockfl\u00f6te 24.2.2023\u00a0 Beginn: \u00a017.00\u00a0 Aula der \u00a0Volksschule Lanzendorf\u00a0 Dabei stehen\u00a0\u00a0auch Wettbewerbst\u00fccke f\u00fcr \u201eprima la musica\u201c auf dem Programm. Die letzten Vorbereitungen f\u00fcr den diesj\u00e4hrigen \u201eprima &hellip; <\/p>\n<p class=\"link-more\"><a href=\"http:\/\/neu.musikschule-suedheide.at\/?p=1663\" class=\"more-link\"><span class=\"screen-reader-text\">\u201eKlassenkonzert Querfl\u00f6te und Blockfl\u00f6te_24 02 23\u201c<\/span> weiterlesen<\/a><\/p>\n","protected":false},"author":2,"featured_media":0,"comment_status":"closed","ping_status":"closed","sticky":false,"template":"","format":"standard","meta":[],"categories":[1],"tags":[],"_links":{"self":[{"href":"http:\/\/neu.musikschule-suedheide.at\/index.php?rest_route=\/wp\/v2\/posts\/1663"}],"collection":[{"href":"http:\/\/neu.musikschule-suedheide.at\/index.php?rest_route=\/wp\/v2\/posts"}],"about":[{"href":"http:\/\/neu.musikschule-suedheide.at\/index.php?rest_route=\/wp\/v2\/types\/post"}],"author":[{"embeddable":true,"href":"http:\/\/neu.musikschule-suedheide.at\/index.php?rest_route=\/wp\/v2\/users\/2"}],"replies":[{"embeddable":true,"href":"http:\/\/neu.musikschule-suedheide.at\/index.php?rest_route=%2Fwp%2Fv2%2Fcomments&post=1663"}],"version-history":[{"count":3,"href":"http:\/\/neu.musikschule-suedheide.at\/index.php?rest_route=\/wp\/v2\/posts\/1663\/revisions"}],"predecessor-version":[{"id":1669,"href":"http:\/\/neu.musikschule-suedheide.at\/index.php?rest_route=\/wp\/v2\/posts\/1663\/revisions\/1669"}],"wp:attachment":[{"href":"http:\/\/neu.musikschule-suedheide.at\/index.php?rest_route=%2Fwp%2Fv2%2Fmedia&parent=1663"}],"wp:term":[{"taxonomy":"category","embeddable":true,"href":"http:\/\/neu.musikschule-suedheide.at\/index.php?rest_route=%2Fwp%2Fv2%2Fcategories&post=1663"},{"taxonomy":"post_tag","embeddable":true,"href":"http:\/\/neu.musikschule-suedheide.at\/index.php?rest_route=%2Fwp%2Fv2%2Ftags&post=1663"}],"curies":[{"name":"wp","href":"https:\/\/api.w.org\/{rel}","templated":true}]}}