{"id":1674,"date":"2023-03-08T11:05:20","date_gmt":"2023-03-08T10:05:20","guid":{"rendered":"http:\/\/neu.musikschule-suedheide.at\/?p=1674"},"modified":"2023-03-08T12:15:56","modified_gmt":"2023-03-08T11:15:56","slug":"prima-la-musica-2023-wir-gratulieren-hannah-sibel-tim-zum-tollen-erfolg-beim-wettbewerb","status":"publish","type":"post","link":"http:\/\/neu.musikschule-suedheide.at\/?p=1674","title":{"rendered":"Prima la musica 2023:  Wir gratulieren Hanna, Sibel &#038; Tim zum tollen Erfolg beim Wettbewerb!"},"content":{"rendered":"<p><strong>Prima la musica 202<span style=\"-webkit-tap-highlight-color: rgba(0, 0, 0, 0);\">3:\u00a0<\/span><\/strong><strong style=\"font-size: 1rem;\">Wir gratulieren Hanna, Sibel &amp; Tim zum tollen Erfolg!<\/strong><\/p>\n<p><strong>Blockfl\u00f6te: 1. Preis mit Auszeichnung<\/strong><\/p>\n<p>Wir gratulieren Hanna und ihrer Lehrerin Meike Melinz herzlich zum 1. Preis mit Auszeichnung!<\/p>\n<p>Es ist nicht selbstverst\u00e4ndlich, dass sich eine junge Sch\u00fclerin gleich zwei Instrumenten\u00a0\u00a0(Fl\u00f6te &amp; Violine) mit soviel Ehrgeiz widmet: Ihr gro\u00dfes Talent konnte sie gestern unter Beweis stellen und hat mit ihrem Spiel \u00fcberzeugt und ber\u00fchrt.<\/p>\n<p>Damit so ein Auftritt gelingen kann, ist nicht nur viel Einsatz und \u00dcben in der Freizeit, sondern auch Unterst\u00fctzung und Motivation im Umfeld durch Familie und Freunde erforderlich. Danke an dieser Stelle an alle, die der jungen Fl\u00f6tistin die Daumen gedr\u00fcckt und mitgefiebert haben.<\/p>\n<p>Und f\u00fcr mich als Pianistin war es toll, wieder mal auf einem super B\u00f6sendorfer zu spielen!<\/p>\n<p>Besonders gefreut hat uns alle beim Feedbackgespr\u00e4ch das Lob der Jury, dass unser junges Blockfl\u00f6tentalent bei jedem St\u00fcck eine Geschichte erz\u00e4hlt habe:<\/p>\n<p>Werke \u00fcberzeugend r\u00fcberzubringen und zu interpretieren gelingt in diesen jungen Jahren nur wenigen.<\/p>\n<p>Danke, dass wir die Fotos ver\u00f6ffentlichen und mit Euch teilen d\u00fcrfen!<\/p>\n<p>Mit der Fotobox \u00a0der N\u00d6N beim Eingang hatten wir viel Spa\u00df, das war eine tolle Idee!<\/p>\n<p>\u2026 und wer wei\u00df, vielleicht motiviert und inspiriert es den einen oder die andere, n\u00e4chstes Jahr selbst mal bem Wettbewerb \u201ePrima la musica\u201c in St. P\u00f6lten dabei zu sein!<\/p>\n<p>wir gratulieren allen Teilnehmer:iNamen w\u00fcnschen allen jungen Musiker:innen weiterhin Viel Erfolg und Viel Freude beim Musikmachen!<\/p>\n<p>&nbsp;<\/p>\n<p><img loading=\"lazy\" class=\"alignnone size-medium wp-image-1675\" src=\"http:\/\/neu.musikschule-suedheide.at\/wp-content\/uploads\/2023\/03\/6BCBE008-1A4B-4C57-AFA4-4EE1FD0F150B-240x300.jpeg\" alt=\"\" width=\"240\" height=\"300\" srcset=\"http:\/\/neu.musikschule-suedheide.at\/wp-content\/uploads\/2023\/03\/6BCBE008-1A4B-4C57-AFA4-4EE1FD0F150B-240x300.jpeg 240w, http:\/\/neu.musikschule-suedheide.at\/wp-content\/uploads\/2023\/03\/6BCBE008-1A4B-4C57-AFA4-4EE1FD0F150B-820x1024.jpeg 820w, http:\/\/neu.musikschule-suedheide.at\/wp-content\/uploads\/2023\/03\/6BCBE008-1A4B-4C57-AFA4-4EE1FD0F150B-768x960.jpeg 768w, http:\/\/neu.musikschule-suedheide.at\/wp-content\/uploads\/2023\/03\/6BCBE008-1A4B-4C57-AFA4-4EE1FD0F150B-1229x1536.jpeg 1229w, http:\/\/neu.musikschule-suedheide.at\/wp-content\/uploads\/2023\/03\/6BCBE008-1A4B-4C57-AFA4-4EE1FD0F150B.jpeg 1587w\" sizes=\"(max-width: 240px) 100vw, 240px\" \/><\/p>\n<p>&nbsp;<\/p>\n<p><img loading=\"lazy\" class=\"alignnone size-medium wp-image-1677\" src=\"http:\/\/neu.musikschule-suedheide.at\/wp-content\/uploads\/2023\/03\/7B0D7712-0049-4FCC-9E55-0F83954EA42E-300x300.jpeg\" alt=\"\" width=\"300\" height=\"300\" srcset=\"http:\/\/neu.musikschule-suedheide.at\/wp-content\/uploads\/2023\/03\/7B0D7712-0049-4FCC-9E55-0F83954EA42E-300x300.jpeg 300w, http:\/\/neu.musikschule-suedheide.at\/wp-content\/uploads\/2023\/03\/7B0D7712-0049-4FCC-9E55-0F83954EA42E-1024x1024.jpeg 1024w, http:\/\/neu.musikschule-suedheide.at\/wp-content\/uploads\/2023\/03\/7B0D7712-0049-4FCC-9E55-0F83954EA42E-150x150.jpeg 150w, http:\/\/neu.musikschule-suedheide.at\/wp-content\/uploads\/2023\/03\/7B0D7712-0049-4FCC-9E55-0F83954EA42E-768x768.jpeg 768w, http:\/\/neu.musikschule-suedheide.at\/wp-content\/uploads\/2023\/03\/7B0D7712-0049-4FCC-9E55-0F83954EA42E-100x100.jpeg 100w, http:\/\/neu.musikschule-suedheide.at\/wp-content\/uploads\/2023\/03\/7B0D7712-0049-4FCC-9E55-0F83954EA42E.jpeg 1080w\" sizes=\"(max-width: 300px) 100vw, 300px\" \/><\/p>\n<p><b>2. Preis Streicherensemble SiTiHa<\/b><\/p>\n<p>&nbsp;<\/p>\n<p><span style=\"font-size: 1rem;\"><img loading=\"lazy\" class=\"alignnone size-medium wp-image-1678\" src=\"http:\/\/neu.musikschule-suedheide.at\/wp-content\/uploads\/2023\/03\/1EF41AEF-C769-49C5-BD6E-6B33F5B79981-300x300.jpeg\" alt=\"\" width=\"300\" height=\"300\" srcset=\"http:\/\/neu.musikschule-suedheide.at\/wp-content\/uploads\/2023\/03\/1EF41AEF-C769-49C5-BD6E-6B33F5B79981-300x300.jpeg 300w, http:\/\/neu.musikschule-suedheide.at\/wp-content\/uploads\/2023\/03\/1EF41AEF-C769-49C5-BD6E-6B33F5B79981-1024x1024.jpeg 1024w, http:\/\/neu.musikschule-suedheide.at\/wp-content\/uploads\/2023\/03\/1EF41AEF-C769-49C5-BD6E-6B33F5B79981-150x150.jpeg 150w, http:\/\/neu.musikschule-suedheide.at\/wp-content\/uploads\/2023\/03\/1EF41AEF-C769-49C5-BD6E-6B33F5B79981-768x768.jpeg 768w, http:\/\/neu.musikschule-suedheide.at\/wp-content\/uploads\/2023\/03\/1EF41AEF-C769-49C5-BD6E-6B33F5B79981-100x100.jpeg 100w, http:\/\/neu.musikschule-suedheide.at\/wp-content\/uploads\/2023\/03\/1EF41AEF-C769-49C5-BD6E-6B33F5B79981.jpeg 1080w\" sizes=\"(max-width: 300px) 100vw, 300px\" \/><br \/>\n<\/span><\/p>\n<p>&nbsp;<\/p>\n<p><span style=\"font-size: 1rem;\">Ein gro\u00dfartiger Erfolg f\u00fcr unser Streicherensemble beim Wettbewerb! Congratulations an Sibel, Hanna und Tim &#8211; ihr wart toll!<\/span><\/p>\n<p>Wir gratulieren Mariela Riedl- Friedrich und ihren Sch\u00fcler:innen herzlich zum super Auftritt!<\/p>\n<p>Es ist f\u00fcr uns Lehrkr\u00e4fte besonders sch\u00f6n, wenn Sch\u00fcler:innen &#8211; wie z.B. auch \u00a0unsere jungen Streichertalente &#8211; gern und regelm\u00e4\u00dfig bei diversen\u00a0\u00a0Musikschule- und Gemeinde-Veranstaltungen auftreten: Es liegt einfach im Wesen der Musik, dass diese erst live so richtig lebendig wird.<\/p>\n<p>Toll, wenn\u00a0\u00a0unsere jungen Talente ihren Auftritt genie\u00dfen k\u00f6nnen und anderen Menschen durch ihre Musik viel Freude bereiten.<\/p>\n<p>Und: Was mir als Leiterin der Musikschule besonders wichtig erscheint: Die bei uns erworbene Routine, der Umgang mit Lampenfieber bzw. die bei uns gewonnene Auftrittserfahrung bei unseren Konzerten \u00fcbertr\u00e4gt sich auch auf andere Herausforderungen z. B. bei Pr\u00fcfungen und Referaten in der Schule oder sp\u00e4ter beim Studium:<\/p>\n<p>Bei uns an der Musikschule lernt man spielerisch mit Lampenfieber umzugehen; viele bekommen auf diese Weise einen neuen Zugang zu Stress- und Auftrittssituationen.<\/p>\n<p>Sich selber pr\u00e4sentieren und Freude daran haben, im Rampenlicht \u00a0zu stehen: All das kann Spa\u00df machen (und etwas Nervosit\u00e4t dabei geh\u00f6rt einfach dazu;) !<br \/>\nDie Musik bzw. die Podiumssituation l\u00e4sst einen vielleicht \u00fcber sich selbst hinauswachsen: \u00a0Auch das vermag die Musik.<\/p>\n<p>Viele junge Talente haben durch den Wettbewerb \u201ePrima la musica\u201c\u00a0\u00a0eine spannende und zugleich motivierende \u00a0Erfahrung gemacht und wertvolle Tips von der Jury f\u00fcr ihre weitere musikalische Entwicklung erhalten.<\/p>\n<p>Danke an dieser Stelle der Jury f\u00fcr die wertsch\u00e4tzenden und motivierenden Feedbackgespr\u00e4che sowie ein gro\u00dfes Dankesch\u00f6n an das MKM N\u00d6 f\u00fcr die tolle Organisation und die herzliche, positive Atmosph\u00e4re!<\/p>\n<p>Unseren Sch\u00fclerinnen:innen wird der Wettbewerb und der Tag in St. P\u00f6lten in sch\u00f6ner Erinnerung bleiben!<\/p>\n<p>Fotocredit: privat<\/p>\n<p>Created with Canva<\/p>\n<p>Phonto<\/p>\n<p>&nbsp;<\/p>\n<p>&nbsp;<\/p>\n","protected":false},"excerpt":{"rendered":"<p>Prima la musica 2023:\u00a0Wir gratulieren Hanna, Sibel &amp; Tim zum tollen Erfolg! Blockfl\u00f6te: 1. Preis mit Auszeichnung Wir gratulieren Hanna und ihrer Lehrerin Meike Melinz herzlich zum 1. Preis mit Auszeichnung! Es ist nicht selbstverst\u00e4ndlich, dass sich eine junge Sch\u00fclerin gleich zwei Instrumenten\u00a0\u00a0(Fl\u00f6te &amp; Violine) mit soviel Ehrgeiz widmet: Ihr gro\u00dfes Talent konnte sie gestern &hellip; <\/p>\n<p class=\"link-more\"><a href=\"http:\/\/neu.musikschule-suedheide.at\/?p=1674\" class=\"more-link\"><span class=\"screen-reader-text\">\u201ePrima la musica 2023:  Wir gratulieren Hanna, Sibel &#038; Tim zum tollen Erfolg beim Wettbewerb!\u201c<\/span> weiterlesen<\/a><\/p>\n","protected":false},"author":2,"featured_media":0,"comment_status":"closed","ping_status":"closed","sticky":false,"template":"","format":"standard","meta":[],"categories":[1],"tags":[],"_links":{"self":[{"href":"http:\/\/neu.musikschule-suedheide.at\/index.php?rest_route=\/wp\/v2\/posts\/1674"}],"collection":[{"href":"http:\/\/neu.musikschule-suedheide.at\/index.php?rest_route=\/wp\/v2\/posts"}],"about":[{"href":"http:\/\/neu.musikschule-suedheide.at\/index.php?rest_route=\/wp\/v2\/types\/post"}],"author":[{"embeddable":true,"href":"http:\/\/neu.musikschule-suedheide.at\/index.php?rest_route=\/wp\/v2\/users\/2"}],"replies":[{"embeddable":true,"href":"http:\/\/neu.musikschule-suedheide.at\/index.php?rest_route=%2Fwp%2Fv2%2Fcomments&post=1674"}],"version-history":[{"count":7,"href":"http:\/\/neu.musikschule-suedheide.at\/index.php?rest_route=\/wp\/v2\/posts\/1674\/revisions"}],"predecessor-version":[{"id":1685,"href":"http:\/\/neu.musikschule-suedheide.at\/index.php?rest_route=\/wp\/v2\/posts\/1674\/revisions\/1685"}],"wp:attachment":[{"href":"http:\/\/neu.musikschule-suedheide.at\/index.php?rest_route=%2Fwp%2Fv2%2Fmedia&parent=1674"}],"wp:term":[{"taxonomy":"category","embeddable":true,"href":"http:\/\/neu.musikschule-suedheide.at\/index.php?rest_route=%2Fwp%2Fv2%2Fcategories&post=1674"},{"taxonomy":"post_tag","embeddable":true,"href":"http:\/\/neu.musikschule-suedheide.at\/index.php?rest_route=%2Fwp%2Fv2%2Ftags&post=1674"}],"curies":[{"name":"wp","href":"https:\/\/api.w.org\/{rel}","templated":true}]}}