{"id":1687,"date":"2023-03-20T10:46:18","date_gmt":"2023-03-20T09:46:18","guid":{"rendered":"http:\/\/neu.musikschule-suedheide.at\/?p=1687"},"modified":"2023-03-20T10:46:18","modified_gmt":"2023-03-20T09:46:18","slug":"oeffentlicher-vortragsabend-fuers-bronze-abzeichen-und-klassenabend-violine-viola-mit-schuelerinnen-von-mag-bernadette-schlembach","status":"publish","type":"post","link":"http:\/\/neu.musikschule-suedheide.at\/?p=1687","title":{"rendered":"\u00d6ffentlicher Vortragsabend f\u00fcrs Bronze-Abzeichen und Klassenabend Violine &#038; Viola mit Sch\u00fcler:innen von Mag. Bernadette Schlembach"},"content":{"rendered":"<p>&nbsp;<\/p>\n<p><b>Saitenweise ganz viel Musik!\u00a0<\/b><\/p>\n<p><b>Wir begr\u00fc\u00dfen den Fr\u00fchling mit schwungvollen Melodien:<\/b><\/p>\n<p><b>Unsere kommenden Veranstaltungen stehen ganz im Zeichen der Streicher:<\/b><\/p>\n<p>Unsere jungen Streichertalente und ihre Lehrerin freuen sich \u00fcber viel Publikum:<\/p>\n<p dir=\"auto\">Alle sind seit Monaten eifrig am \u00dcben und Proben.<\/p>\n<p dir=\"auto\">\n<p>Wir laden herzlich ein<\/p>\n<p>zu unserer Bronze-Pr\u00fcfung und halten unseren beiden jungen Talenten die Daumen und w\u00fcnschen Gutes Gelingen!<\/p>\n<p><b>\u00d6ffentlicher Vortragsabend von Lara Habel &amp; Estelle Kotzian zur Verleihung des Bronzeabzeichens:<\/b><\/p>\n<p><b>25.3.2023 \u00a0 \u00a0 \u00a017.00<\/b><\/p>\n<p>Ort: Aula der Volksschule Lanzendorf, 2326 Lanzendorf<\/p>\n<p>&nbsp;<\/p>\n<p>&nbsp;<\/p>\n<p><b>Klassenabend Violine &amp; Viola <\/b><\/p>\n<p><b>mit Sch\u00fcler:innen von Mag. Bernadette Schlembach:\u00a0<\/b><\/p>\n<p><b>21.3.2023\u00a0\u00a018.30<\/b><\/p>\n<p>Ort: Aula der Volksschule Lanzendorf, 2326 Lanzendorf<\/p>\n<p>Auf dem Programm stehen u.a. Werke von Mozart, Seitz und Elgar.<\/p>\n<p dir=\"auto\">\n<p dir=\"auto\"><img loading=\"lazy\" class=\"alignnone size-medium wp-image-1688\" src=\"http:\/\/neu.musikschule-suedheide.at\/wp-content\/uploads\/2023\/03\/3BD670FA-3D1F-441E-8702-C1CABA9208D6-300x300.jpeg\" alt=\"\" width=\"300\" height=\"300\" srcset=\"http:\/\/neu.musikschule-suedheide.at\/wp-content\/uploads\/2023\/03\/3BD670FA-3D1F-441E-8702-C1CABA9208D6-300x300.jpeg 300w, http:\/\/neu.musikschule-suedheide.at\/wp-content\/uploads\/2023\/03\/3BD670FA-3D1F-441E-8702-C1CABA9208D6-1024x1024.jpeg 1024w, http:\/\/neu.musikschule-suedheide.at\/wp-content\/uploads\/2023\/03\/3BD670FA-3D1F-441E-8702-C1CABA9208D6-150x150.jpeg 150w, http:\/\/neu.musikschule-suedheide.at\/wp-content\/uploads\/2023\/03\/3BD670FA-3D1F-441E-8702-C1CABA9208D6-768x768.jpeg 768w, http:\/\/neu.musikschule-suedheide.at\/wp-content\/uploads\/2023\/03\/3BD670FA-3D1F-441E-8702-C1CABA9208D6-100x100.jpeg 100w, http:\/\/neu.musikschule-suedheide.at\/wp-content\/uploads\/2023\/03\/3BD670FA-3D1F-441E-8702-C1CABA9208D6.jpeg 1272w\" sizes=\"(max-width: 300px) 100vw, 300px\" \/><\/p>\n<p dir=\"auto\">\n<p dir=\"auto\"><img loading=\"lazy\" class=\"alignnone size-medium wp-image-1689\" src=\"http:\/\/neu.musikschule-suedheide.at\/wp-content\/uploads\/2023\/03\/D578AF27-7F3D-4991-95B7-090EA3DE1636-300x300.jpeg\" alt=\"\" width=\"300\" height=\"300\" srcset=\"http:\/\/neu.musikschule-suedheide.at\/wp-content\/uploads\/2023\/03\/D578AF27-7F3D-4991-95B7-090EA3DE1636-300x300.jpeg 300w, http:\/\/neu.musikschule-suedheide.at\/wp-content\/uploads\/2023\/03\/D578AF27-7F3D-4991-95B7-090EA3DE1636-1024x1024.jpeg 1024w, http:\/\/neu.musikschule-suedheide.at\/wp-content\/uploads\/2023\/03\/D578AF27-7F3D-4991-95B7-090EA3DE1636-150x150.jpeg 150w, http:\/\/neu.musikschule-suedheide.at\/wp-content\/uploads\/2023\/03\/D578AF27-7F3D-4991-95B7-090EA3DE1636-768x768.jpeg 768w, http:\/\/neu.musikschule-suedheide.at\/wp-content\/uploads\/2023\/03\/D578AF27-7F3D-4991-95B7-090EA3DE1636-100x100.jpeg 100w, http:\/\/neu.musikschule-suedheide.at\/wp-content\/uploads\/2023\/03\/D578AF27-7F3D-4991-95B7-090EA3DE1636.jpeg 1080w\" sizes=\"(max-width: 300px) 100vw, 300px\" \/><\/p>\n","protected":false},"excerpt":{"rendered":"<p>&nbsp; Saitenweise ganz viel Musik!\u00a0 Wir begr\u00fc\u00dfen den Fr\u00fchling mit schwungvollen Melodien: Unsere kommenden Veranstaltungen stehen ganz im Zeichen der Streicher: Unsere jungen Streichertalente und ihre Lehrerin freuen sich \u00fcber viel Publikum: Alle sind seit Monaten eifrig am \u00dcben und Proben. Wir laden herzlich ein zu unserer Bronze-Pr\u00fcfung und halten unseren beiden jungen Talenten die &hellip; <\/p>\n<p class=\"link-more\"><a href=\"http:\/\/neu.musikschule-suedheide.at\/?p=1687\" class=\"more-link\"><span class=\"screen-reader-text\">\u201e\u00d6ffentlicher Vortragsabend f\u00fcrs Bronze-Abzeichen und Klassenabend Violine &#038; Viola mit Sch\u00fcler:innen von Mag. Bernadette Schlembach\u201c<\/span> weiterlesen<\/a><\/p>\n","protected":false},"author":2,"featured_media":0,"comment_status":"closed","ping_status":"closed","sticky":false,"template":"","format":"standard","meta":[],"categories":[1],"tags":[],"_links":{"self":[{"href":"http:\/\/neu.musikschule-suedheide.at\/index.php?rest_route=\/wp\/v2\/posts\/1687"}],"collection":[{"href":"http:\/\/neu.musikschule-suedheide.at\/index.php?rest_route=\/wp\/v2\/posts"}],"about":[{"href":"http:\/\/neu.musikschule-suedheide.at\/index.php?rest_route=\/wp\/v2\/types\/post"}],"author":[{"embeddable":true,"href":"http:\/\/neu.musikschule-suedheide.at\/index.php?rest_route=\/wp\/v2\/users\/2"}],"replies":[{"embeddable":true,"href":"http:\/\/neu.musikschule-suedheide.at\/index.php?rest_route=%2Fwp%2Fv2%2Fcomments&post=1687"}],"version-history":[{"count":1,"href":"http:\/\/neu.musikschule-suedheide.at\/index.php?rest_route=\/wp\/v2\/posts\/1687\/revisions"}],"predecessor-version":[{"id":1690,"href":"http:\/\/neu.musikschule-suedheide.at\/index.php?rest_route=\/wp\/v2\/posts\/1687\/revisions\/1690"}],"wp:attachment":[{"href":"http:\/\/neu.musikschule-suedheide.at\/index.php?rest_route=%2Fwp%2Fv2%2Fmedia&parent=1687"}],"wp:term":[{"taxonomy":"category","embeddable":true,"href":"http:\/\/neu.musikschule-suedheide.at\/index.php?rest_route=%2Fwp%2Fv2%2Fcategories&post=1687"},{"taxonomy":"post_tag","embeddable":true,"href":"http:\/\/neu.musikschule-suedheide.at\/index.php?rest_route=%2Fwp%2Fv2%2Ftags&post=1687"}],"curies":[{"name":"wp","href":"https:\/\/api.w.org\/{rel}","templated":true}]}}