{"id":1693,"date":"2023-04-24T09:45:15","date_gmt":"2023-04-24T07:45:15","guid":{"rendered":"http:\/\/neu.musikschule-suedheide.at\/?p=1693"},"modified":"2023-04-24T09:45:15","modified_gmt":"2023-04-24T07:45:15","slug":"aktuell_klassenabend-gitarre_mag-roman-kaufmann-26-4-2023","status":"publish","type":"post","link":"http:\/\/neu.musikschule-suedheide.at\/?p=1693","title":{"rendered":"Aktuell_Klassenabend Gitarre_Mag. Roman Kaufmann 26.4.2023"},"content":{"rendered":"<p><span style=\"-webkit-tap-highlight-color: rgba(0, 0, 0, 0);\">Wir laden herzlich ein zu unserem <\/span><\/p>\n<p><span style=\"-webkit-tap-highlight-color: rgba(0, 0, 0, 0);\"><b>Klassenabend mit Sch\u00fclerinnen und Sch\u00fclern von Mag. Roman Kaufmann, Gitarre\u00a0<\/b><\/span><\/p>\n<p>&nbsp;<\/p>\n<p><b>Klassenabend: 26.4.2023<\/b><\/p>\n<p><b>Beginn: 18.00<\/b><\/p>\n<p><b>Location: Konzertsaal\/ Veranstaltungssaal, 1. Stock\u00a0<\/b><\/p>\n<p><b>Adresse: Raiffeisenstr. 27-29, 2322 Zw\u00f6lfaxing<\/b><\/p>\n<p>&nbsp;<\/p>\n<p>Unsere jungen Talente freuen sich \u00fcber viel Publikum!<\/p>\n<p>An alle Gitarrenfans bzw. Gitarreninteressent:innen:<\/p>\n<p>Jetzt Schnuppern vereinbaren und einen Platz f\u00fcrs kommende Schuljahr sichern!<\/p>\n<p><i>Schnupperanfragen bitte per Mail an:<\/i><\/p>\n<p><i>martina.raab@musikschule-suedheide.at<\/i><\/p>\n<p>&nbsp;<\/p>\n<p><img loading=\"lazy\" class=\"alignnone size-medium wp-image-1694\" src=\"http:\/\/neu.musikschule-suedheide.at\/wp-content\/uploads\/2023\/04\/IMG_1518-197x300.jpeg\" alt=\"\" width=\"197\" height=\"300\" srcset=\"http:\/\/neu.musikschule-suedheide.at\/wp-content\/uploads\/2023\/04\/IMG_1518-197x300.jpeg 197w, http:\/\/neu.musikschule-suedheide.at\/wp-content\/uploads\/2023\/04\/IMG_1518-671x1024.jpeg 671w, http:\/\/neu.musikschule-suedheide.at\/wp-content\/uploads\/2023\/04\/IMG_1518-768x1172.jpeg 768w, http:\/\/neu.musikschule-suedheide.at\/wp-content\/uploads\/2023\/04\/IMG_1518-1006x1536.jpeg 1006w, http:\/\/neu.musikschule-suedheide.at\/wp-content\/uploads\/2023\/04\/IMG_1518.jpeg 1170w\" sizes=\"(max-width: 197px) 100vw, 197px\" \/><\/p>\n<p>&nbsp;<\/p>\n","protected":false},"excerpt":{"rendered":"<p>Wir laden herzlich ein zu unserem Klassenabend mit Sch\u00fclerinnen und Sch\u00fclern von Mag. Roman Kaufmann, Gitarre\u00a0 &nbsp; Klassenabend: 26.4.2023 Beginn: 18.00 Location: Konzertsaal\/ Veranstaltungssaal, 1. Stock\u00a0 Adresse: Raiffeisenstr. 27-29, 2322 Zw\u00f6lfaxing &nbsp; Unsere jungen Talente freuen sich \u00fcber viel Publikum! An alle Gitarrenfans bzw. Gitarreninteressent:innen: Jetzt Schnuppern vereinbaren und einen Platz f\u00fcrs kommende Schuljahr sichern! &hellip; <\/p>\n<p class=\"link-more\"><a href=\"http:\/\/neu.musikschule-suedheide.at\/?p=1693\" class=\"more-link\"><span class=\"screen-reader-text\">\u201eAktuell_Klassenabend Gitarre_Mag. Roman Kaufmann 26.4.2023\u201c<\/span> weiterlesen<\/a><\/p>\n","protected":false},"author":2,"featured_media":0,"comment_status":"closed","ping_status":"closed","sticky":false,"template":"","format":"standard","meta":[],"categories":[1],"tags":[],"_links":{"self":[{"href":"http:\/\/neu.musikschule-suedheide.at\/index.php?rest_route=\/wp\/v2\/posts\/1693"}],"collection":[{"href":"http:\/\/neu.musikschule-suedheide.at\/index.php?rest_route=\/wp\/v2\/posts"}],"about":[{"href":"http:\/\/neu.musikschule-suedheide.at\/index.php?rest_route=\/wp\/v2\/types\/post"}],"author":[{"embeddable":true,"href":"http:\/\/neu.musikschule-suedheide.at\/index.php?rest_route=\/wp\/v2\/users\/2"}],"replies":[{"embeddable":true,"href":"http:\/\/neu.musikschule-suedheide.at\/index.php?rest_route=%2Fwp%2Fv2%2Fcomments&post=1693"}],"version-history":[{"count":2,"href":"http:\/\/neu.musikschule-suedheide.at\/index.php?rest_route=\/wp\/v2\/posts\/1693\/revisions"}],"predecessor-version":[{"id":1696,"href":"http:\/\/neu.musikschule-suedheide.at\/index.php?rest_route=\/wp\/v2\/posts\/1693\/revisions\/1696"}],"wp:attachment":[{"href":"http:\/\/neu.musikschule-suedheide.at\/index.php?rest_route=%2Fwp%2Fv2%2Fmedia&parent=1693"}],"wp:term":[{"taxonomy":"category","embeddable":true,"href":"http:\/\/neu.musikschule-suedheide.at\/index.php?rest_route=%2Fwp%2Fv2%2Fcategories&post=1693"},{"taxonomy":"post_tag","embeddable":true,"href":"http:\/\/neu.musikschule-suedheide.at\/index.php?rest_route=%2Fwp%2Fv2%2Ftags&post=1693"}],"curies":[{"name":"wp","href":"https:\/\/api.w.org\/{rel}","templated":true}]}}