{"id":1726,"date":"2023-04-30T19:43:41","date_gmt":"2023-04-30T17:43:41","guid":{"rendered":"http:\/\/neu.musikschule-suedheide.at\/?p=1726"},"modified":"2023-05-03T08:57:50","modified_gmt":"2023-05-03T06:57:50","slug":"tage-der-noe-musik-und-kunstschulen-2023","status":"publish","type":"post","link":"http:\/\/neu.musikschule-suedheide.at\/?p=1726","title":{"rendered":"Tage der N\u00d6 Musik-und Kunstschulen 2023_Tage der Offenen T\u00fcren_Schnuppern"},"content":{"rendered":"<p><strong>Musik liegt in der Luft!<br \/>\n<\/strong><strong style=\"font-size: 1rem;\">Tage der N\u00d6 Musik- und Kunstschulen 2023<\/strong><\/p>\n<p><span data-removefontsize=\"true\" data-originalcomputedfontsize=\"17\">Wir starten bald musikalisch in die erste Maiwoche, die ganz im Zeichen der Musik- und Kunstschulen sowie der N\u00d6 Kreativakademien steht:<\/span><\/p>\n<p><span data-removefontsize=\"true\" data-originalcomputedfontsize=\"17\">Viele Aktionen, Konzerte und Events an Musik-und Kunstschulen &amp; den Kreativakademien in ganz Nieder\u00f6sterreich stehen auf dem Programm:<\/span><\/p>\n<p><span data-removefontsize=\"true\" data-originalcomputedfontsize=\"17\">Es liegt einfach im Wesen der Musik, dass diese erst live so richtig lebendig wird.<\/span><\/p>\n<p><span data-removefontsize=\"true\" data-originalcomputedfontsize=\"17\">Wir vom Lehrerteam der Musikschule S\u00fcdheide freuen uns Instrumentevorstellen, aufs Singen und Ausprobieren im Rahmen unserer Mitmachvormittage an den Schulen unserer Mitgliedsgemeinden:<\/span><\/p>\n<p>&nbsp;<\/p>\n<p><img loading=\"lazy\" class=\"alignnone size-medium wp-image-1727\" src=\"http:\/\/neu.musikschule-suedheide.at\/wp-content\/uploads\/2023\/04\/phonto-2-212x300.jpeg\" alt=\"\" width=\"212\" height=\"300\" srcset=\"http:\/\/neu.musikschule-suedheide.at\/wp-content\/uploads\/2023\/04\/phonto-2-212x300.jpeg 212w, http:\/\/neu.musikschule-suedheide.at\/wp-content\/uploads\/2023\/04\/phonto-2-723x1024.jpeg 723w, http:\/\/neu.musikschule-suedheide.at\/wp-content\/uploads\/2023\/04\/phonto-2-768x1088.jpeg 768w, http:\/\/neu.musikschule-suedheide.at\/wp-content\/uploads\/2023\/04\/phonto-2-1085x1536.jpeg 1085w, http:\/\/neu.musikschule-suedheide.at\/wp-content\/uploads\/2023\/04\/phonto-2.jpeg 1117w\" sizes=\"(max-width: 212px) 100vw, 212px\" \/><\/p>\n<p><span data-removefontsize=\"true\" data-originalcomputedfontsize=\"17\"><b>Unser Programm:<\/b><\/span><\/p>\n<p><span data-removefontsize=\"true\" data-originalcomputedfontsize=\"17\"><b>5.5.2023:<\/b><br \/>\n<\/span><span data-removefontsize=\"true\" data-originalcomputedfontsize=\"17\">Ab 8.00 <b>Mitmachvormittage<\/b><\/span><span data-removefontsize=\"true\" data-originalcomputedfontsize=\"17\">\u00a0an der Volksschule Lanzendorf, an der Volksschule Zw\u00f6lfaxing und an der NMS Ebergassing.\u00a0<\/span><\/p>\n<p><span data-removefontsize=\"true\" data-originalcomputedfontsize=\"17\">(Weitere Mitmachvormittage im Juni).\u00a0<\/span><\/p>\n<p><span data-removefontsize=\"true\" data-originalcomputedfontsize=\"17\">Abends begeben wir uns im Rahmen unseres Klavierklassenabends in der Volksschule Lanzendorf auf Entdeckungsreise in den \u201eZauberwald\u201c:<\/span><\/p>\n<p><span data-removefontsize=\"true\" data-originalcomputedfontsize=\"17\"><b>5.5.2023 18.00 Klaviervortragsabend<\/b><\/span><\/p>\n<p><span data-removefontsize=\"true\" data-originalcomputedfontsize=\"17\"><b>\u201eIm Zauberwald\u201c mit Sch\u00fcler:innen von Mag. Martina Raab, MA<\/b><\/span><\/p>\n<p><span data-removefontsize=\"true\" data-originalcomputedfontsize=\"17\">Aula der VS Lanzendorf,\u00a0<\/span><\/p>\n<p><span data-removefontsize=\"true\" data-originalcomputedfontsize=\"17\">Schulg.2, 2326 Lanzendorf.<\/span><\/p>\n<p><span data-removefontsize=\"true\" data-originalcomputedfontsize=\"17\">Wer wissen m\u00f6chte, was es mit dem Fuchs, dem Zauberbaum und den anderen Tieren im \u201eZauberwald\u201c auf sich hat, ist herzlich zu unserem Vortragsabend eingeladen!<\/span><\/p>\n<p>Idee &amp; Konzept: Martina Raab<\/p>\n<p>B\u00fchnenbild &amp; Einladungsplakat:<\/p>\n<p>Fotocredit Martina Raab \u00a0\/ <span style=\"font-size: 1rem;\">Created with Phonto \/ <\/span><span style=\"font-size: 1rem;\">Pixlr\u00a0<\/span><\/p>\n<p><span style=\"font-size: 1rem;\">&amp; <\/span><span style=\"font-size: 1rem;\">Special Thanks <\/span><span style=\"font-size: 1rem;\">an jene\u00a0\u00a0Sch\u00fclerin, die den supersch\u00f6nen Fuchs f\u00fcr uns gemalt\u00a0\u00a0hat!\u00a0<\/span><\/p>\n<p>&nbsp;<\/p>\n<p><img loading=\"lazy\" class=\"alignnone size-medium wp-image-1728\" src=\"http:\/\/neu.musikschule-suedheide.at\/wp-content\/uploads\/2023\/04\/phonto-3-212x300.jpeg\" alt=\"\" width=\"212\" height=\"300\" srcset=\"http:\/\/neu.musikschule-suedheide.at\/wp-content\/uploads\/2023\/04\/phonto-3-212x300.jpeg 212w, http:\/\/neu.musikschule-suedheide.at\/wp-content\/uploads\/2023\/04\/phonto-3-723x1024.jpeg 723w, http:\/\/neu.musikschule-suedheide.at\/wp-content\/uploads\/2023\/04\/phonto-3-768x1088.jpeg 768w, http:\/\/neu.musikschule-suedheide.at\/wp-content\/uploads\/2023\/04\/phonto-3-1085x1536.jpeg 1085w, http:\/\/neu.musikschule-suedheide.at\/wp-content\/uploads\/2023\/04\/phonto-3.jpeg 1117w\" sizes=\"(max-width: 212px) 100vw, 212px\" \/><\/p>\n<p><span data-removefontsize=\"true\" data-originalcomputedfontsize=\"17\"><b>Ganz N\u00d6 im Zeichen der Musik<\/b><\/span><\/p>\n<p><span data-removefontsize=\"true\" data-originalcomputedfontsize=\"17\">Zum 13. Mal finden heuer die Tage der N\u00d6 Musikschulen statt:<\/span><\/p>\n<p><span data-removefontsize=\"true\" data-originalcomputedfontsize=\"17\">Ganz Nieder\u00f6sterreich singt, tanzt und klingt!<\/span><\/p>\n<p><span data-removefontsize=\"true\" data-originalcomputedfontsize=\"17\">An 126 Musikschulen k\u00f6nnen viele junge Musik-, Tanz- und Kunstinteressent:innen bei rund 170 Veranstaltungen ihre Kreativit\u00e4t entdecken &#8211; <\/span><span data-removefontsize=\"true\" data-originalcomputedfontsize=\"17\">und den eigenen, ganz pers\u00f6nlichen Zugang zur Musik finden.<\/span><\/p>\n<p><span data-removefontsize=\"true\" data-originalcomputedfontsize=\"17\"><b>Spielfreude f\u00fcrs Leben<\/b><\/span><\/p>\n<p><span data-removefontsize=\"true\" data-originalcomputedfontsize=\"17\">Wenn der ber\u00fchmte Funke \u00fcberspringt, kann Musik eine wertvolle Bereicherung sein und die pers\u00f6nliche Entwicklung junger Menschen entscheidend mitpr\u00e4gen.<\/span><\/p>\n<p>&nbsp;<\/p>\n<p><span data-removefontsize=\"true\" data-originalcomputedfontsize=\"17\"><b>Musik verbindet: \u00a0<\/b><\/span><span data-removefontsize=\"true\" data-originalcomputedfontsize=\"17\"><b>Musizieren, Singen und Tanzen macht Freu(n)de<\/b><\/span><\/p>\n<p><span data-removefontsize=\"true\" data-originalcomputedfontsize=\"17\">Besonders das gemeinsame Musizieren in Ensembles, im Orchester und in Bands ist f\u00fcr viele junge Talente ein besonderes Highlight.\u00a0<\/span><\/p>\n<p><span data-removefontsize=\"true\" data-originalcomputedfontsize=\"17\">Und vielleicht l\u00e4sst sich mit Musik der Alltag in Schule und Studium f\u00fcr junge Menschen leichter bew\u00e4ltigen.\u00a0<\/span><\/p>\n<p>&nbsp;<\/p>\n<p><span data-removefontsize=\"true\" data-originalcomputedfontsize=\"17\"><b>Weiter geht es am Samstag, den 6.5.2023 mit viel Musik\u00a0<\/b><\/span><\/p>\n<p><span data-removefontsize=\"true\" data-originalcomputedfontsize=\"17\"><br \/>\nAuch das Wochenende und die folgende Woche wird besonders musikalisch:<\/span><\/p>\n<p><span data-removefontsize=\"true\" data-originalcomputedfontsize=\"17\">Ein spezielles Highlight f\u00fcr unsere Sch\u00fclerinnen:innen sind die Muttertagsfeiern am 6.5.2023 sowie am 12.5.2023 im festlichen Ambiente des Volksheim Ebergassing, des Kulturhaus Mar\u00eda Lanzendorf und Volksheim Lanzendorf.\u00a0<\/span><\/p>\n<p>&nbsp;<\/p>\n<p><span data-removefontsize=\"true\" data-originalcomputedfontsize=\"17\"><b>Tage der Offenen T\u00fcren der Musikschule S\u00fcdheide: 8.5.-12.5.2023<\/b><\/span><\/p>\n<p><b>&amp; 19.6.-23.6.2023<\/b><\/p>\n<p><span data-removefontsize=\"true\" data-originalcomputedfontsize=\"17\">In der Woche nach den Tagen der N\u00d6 Musikschulen beginnen an der Musikschule S\u00fcdheide die \u201eTage der Offenen T\u00fcren\u201c vom 8.5.-12.5.2023 an unseren Standorten.<\/span><\/p>\n<p><span style=\"font-size: 1rem;\" data-removefontsize=\"true\" data-originalcomputedfontsize=\"17\"><b><img loading=\"lazy\" class=\"alignnone size-medium wp-image-1740\" src=\"http:\/\/neu.musikschule-suedheide.at\/wp-content\/uploads\/2023\/04\/IMG_1558-2-212x300.jpeg\" alt=\"\" width=\"212\" height=\"300\" srcset=\"http:\/\/neu.musikschule-suedheide.at\/wp-content\/uploads\/2023\/04\/IMG_1558-2-212x300.jpeg 212w, http:\/\/neu.musikschule-suedheide.at\/wp-content\/uploads\/2023\/04\/IMG_1558-2-724x1024.jpeg 724w, http:\/\/neu.musikschule-suedheide.at\/wp-content\/uploads\/2023\/04\/IMG_1558-2-768x1086.jpeg 768w, http:\/\/neu.musikschule-suedheide.at\/wp-content\/uploads\/2023\/04\/IMG_1558-2-1086x1536.jpeg 1086w, http:\/\/neu.musikschule-suedheide.at\/wp-content\/uploads\/2023\/04\/IMG_1558-2-1449x2048.jpeg 1449w, http:\/\/neu.musikschule-suedheide.at\/wp-content\/uploads\/2023\/04\/IMG_1558-2.jpeg 1588w\" sizes=\"(max-width: 212px) 100vw, 212px\" \/><\/b><\/span><\/p>\n<p>&nbsp;<\/p>\n<p><b>Tage der Offenen T\u00fcren \u00a08.5.-12.5.2023<\/b><\/p>\n<p><span style=\"font-size: 1rem;\" data-removefontsize=\"true\" data-originalcomputedfontsize=\"17\"><b>Unser Motto: <\/b><\/span><span style=\"font-size: 1rem;\" data-removefontsize=\"true\" data-originalcomputedfontsize=\"17\"><b>Bring your Friends! <\/b><\/span><\/p>\n<p><span style=\"font-size: 1rem;\">Schau gemeinsam mit Deinen Freund:innen oder Schulkolleg:innen vorbei und lerne unser Lehrerteam kennen!<\/span><\/p>\n<p><span data-removefontsize=\"true\" data-originalcomputedfontsize=\"17\">Ihr k\u00f6nnt gemeinsam mit Freunden\/Freundinnen und Eltern beim Unterricht zuschauen und Euch Schnuppertermine mit den Lehrkr\u00e4ften ausmachen.\u00a0<\/span><br \/>\nWir freuen uns auf Euch!<\/p>\n<p><img loading=\"lazy\" class=\"alignnone size-medium wp-image-1739\" src=\"http:\/\/neu.musikschule-suedheide.at\/wp-content\/uploads\/2023\/04\/IMG_1556-212x300.jpeg\" alt=\"\" width=\"212\" height=\"300\" srcset=\"http:\/\/neu.musikschule-suedheide.at\/wp-content\/uploads\/2023\/04\/IMG_1556-212x300.jpeg 212w, http:\/\/neu.musikschule-suedheide.at\/wp-content\/uploads\/2023\/04\/IMG_1556-724x1024.jpeg 724w, http:\/\/neu.musikschule-suedheide.at\/wp-content\/uploads\/2023\/04\/IMG_1556-768x1086.jpeg 768w, http:\/\/neu.musikschule-suedheide.at\/wp-content\/uploads\/2023\/04\/IMG_1556-1086x1536.jpeg 1086w, http:\/\/neu.musikschule-suedheide.at\/wp-content\/uploads\/2023\/04\/IMG_1556-1449x2048.jpeg 1449w, http:\/\/neu.musikschule-suedheide.at\/wp-content\/uploads\/2023\/04\/IMG_1556.jpeg 1588w\" sizes=\"(max-width: 212px) 100vw, 212px\" \/><\/p>\n<p><span data-removefontsize=\"true\" data-originalcomputedfontsize=\"17\">Infos auf der Homepage sowie auf Facebook und Instagram mit den Zeiten und Standorten der Lehrkr\u00e4fte folgen demn\u00e4chst.<br \/>\n<span style=\"font-size: 1rem;\"><br \/>\nWeitere Termin der \u201cTage der Offenen T\u00fcren\u201cgibt es im Juni:<\/span><\/span><\/p>\n<p><b>19.6.-23.6.2023\u00a0<\/b><\/p>\n<p><b>Unser Motto: Bring Your Family!<\/b><\/p>\n<p><img loading=\"lazy\" class=\"alignnone size-medium wp-image-1741\" src=\"http:\/\/neu.musikschule-suedheide.at\/wp-content\/uploads\/2023\/04\/IMG_1557-212x300.jpeg\" alt=\"\" width=\"212\" height=\"300\" srcset=\"http:\/\/neu.musikschule-suedheide.at\/wp-content\/uploads\/2023\/04\/IMG_1557-212x300.jpeg 212w, http:\/\/neu.musikschule-suedheide.at\/wp-content\/uploads\/2023\/04\/IMG_1557-724x1024.jpeg 724w, http:\/\/neu.musikschule-suedheide.at\/wp-content\/uploads\/2023\/04\/IMG_1557-768x1086.jpeg 768w, http:\/\/neu.musikschule-suedheide.at\/wp-content\/uploads\/2023\/04\/IMG_1557-1086x1536.jpeg 1086w, http:\/\/neu.musikschule-suedheide.at\/wp-content\/uploads\/2023\/04\/IMG_1557-1449x2048.jpeg 1449w, http:\/\/neu.musikschule-suedheide.at\/wp-content\/uploads\/2023\/04\/IMG_1557.jpeg 1588w\" sizes=\"(max-width: 212px) 100vw, 212px\" \/><\/p>\n<p>&nbsp;<\/p>\n<p>&nbsp;<\/p>\n<p>Created with Canva<\/p>\n<p>Pixlr<\/p>\n<p>Phonto<\/p>\n<p>Fotocredit: Martina Raab<\/p>\n<p>&nbsp;<\/p>\n<p>&nbsp;<\/p>\n<p>&nbsp;<\/p>\n<p>&nbsp;<\/p>\n","protected":false},"excerpt":{"rendered":"<p>Musik liegt in der Luft! Tage der N\u00d6 Musik- und Kunstschulen 2023 Wir starten bald musikalisch in die erste Maiwoche, die ganz im Zeichen der Musik- und Kunstschulen sowie der N\u00d6 Kreativakademien steht: Viele Aktionen, Konzerte und Events an Musik-und Kunstschulen &amp; den Kreativakademien in ganz Nieder\u00f6sterreich stehen auf dem Programm: Es liegt einfach im &hellip; <\/p>\n<p class=\"link-more\"><a href=\"http:\/\/neu.musikschule-suedheide.at\/?p=1726\" class=\"more-link\"><span class=\"screen-reader-text\">\u201eTage der N\u00d6 Musik-und Kunstschulen 2023_Tage der Offenen T\u00fcren_Schnuppern\u201c<\/span> weiterlesen<\/a><\/p>\n","protected":false},"author":2,"featured_media":0,"comment_status":"closed","ping_status":"closed","sticky":false,"template":"","format":"standard","meta":[],"categories":[1],"tags":[],"_links":{"self":[{"href":"http:\/\/neu.musikschule-suedheide.at\/index.php?rest_route=\/wp\/v2\/posts\/1726"}],"collection":[{"href":"http:\/\/neu.musikschule-suedheide.at\/index.php?rest_route=\/wp\/v2\/posts"}],"about":[{"href":"http:\/\/neu.musikschule-suedheide.at\/index.php?rest_route=\/wp\/v2\/types\/post"}],"author":[{"embeddable":true,"href":"http:\/\/neu.musikschule-suedheide.at\/index.php?rest_route=\/wp\/v2\/users\/2"}],"replies":[{"embeddable":true,"href":"http:\/\/neu.musikschule-suedheide.at\/index.php?rest_route=%2Fwp%2Fv2%2Fcomments&post=1726"}],"version-history":[{"count":7,"href":"http:\/\/neu.musikschule-suedheide.at\/index.php?rest_route=\/wp\/v2\/posts\/1726\/revisions"}],"predecessor-version":[{"id":1749,"href":"http:\/\/neu.musikschule-suedheide.at\/index.php?rest_route=\/wp\/v2\/posts\/1726\/revisions\/1749"}],"wp:attachment":[{"href":"http:\/\/neu.musikschule-suedheide.at\/index.php?rest_route=%2Fwp%2Fv2%2Fmedia&parent=1726"}],"wp:term":[{"taxonomy":"category","embeddable":true,"href":"http:\/\/neu.musikschule-suedheide.at\/index.php?rest_route=%2Fwp%2Fv2%2Fcategories&post=1726"},{"taxonomy":"post_tag","embeddable":true,"href":"http:\/\/neu.musikschule-suedheide.at\/index.php?rest_route=%2Fwp%2Fv2%2Ftags&post=1726"}],"curies":[{"name":"wp","href":"https:\/\/api.w.org\/{rel}","templated":true}]}}