{"id":2087,"date":"2024-05-03T06:30:04","date_gmt":"2024-05-03T04:30:04","guid":{"rendered":"http:\/\/neu.musikschule-suedheide.at\/?p=2087"},"modified":"2024-05-09T16:37:27","modified_gmt":"2024-05-09T14:37:27","slug":"aktuell_tage-der-noe-musikschulen_mitmachvormittag_klaviervortragsabend-musikalische-umrahmung-der-muttertagsfeier-ebergassing","status":"publish","type":"post","link":"http:\/\/neu.musikschule-suedheide.at\/?p=2087","title":{"rendered":"Aktuell_Tage der N\u00d6 Musikschulen_Mitmachvormittag__Klaviervortragsabend &#038; Musikalische Umrahmung der Muttertagsfeier Ebergassing"},"content":{"rendered":"<p>&nbsp;<\/p>\n<p class=\"p1\"><span class=\"s1\"><strong>Aktuell_Tage der N\u00d6 Musikschulen<\/strong><\/span><\/p>\n<p class=\"p1\"><span class=\"s1\">Ganz Nieder\u00f6sterreich singt und klingt!<br \/>\nWir starten in ein besonders musikalisches Mai-Wochenende, das ganz im Zeichen der \u201eTage der N\u00d6 Musikschulen\u201c steht:<\/span><\/p>\n<p class=\"p1\"><span class=\"s1\">Wir freuen uns darauf gemeinsam mit viel Musik<span class=\"Apple-converted-space\">\u00a0 <\/span>in die n\u00e4chsten Tage zu starten!<\/span><\/p>\n<p><img loading=\"lazy\" class=\"alignnone size-medium wp-image-2088\" src=\"http:\/\/neu.musikschule-suedheide.at\/wp-content\/uploads\/2024\/05\/IMG_3660-300x300.jpeg\" alt=\"\" width=\"300\" height=\"300\" srcset=\"http:\/\/neu.musikschule-suedheide.at\/wp-content\/uploads\/2024\/05\/IMG_3660-300x300.jpeg 300w, http:\/\/neu.musikschule-suedheide.at\/wp-content\/uploads\/2024\/05\/IMG_3660-1024x1024.jpeg 1024w, http:\/\/neu.musikschule-suedheide.at\/wp-content\/uploads\/2024\/05\/IMG_3660-150x150.jpeg 150w, http:\/\/neu.musikschule-suedheide.at\/wp-content\/uploads\/2024\/05\/IMG_3660-768x768.jpeg 768w, http:\/\/neu.musikschule-suedheide.at\/wp-content\/uploads\/2024\/05\/IMG_3660-100x100.jpeg 100w, http:\/\/neu.musikschule-suedheide.at\/wp-content\/uploads\/2024\/05\/IMG_3660.jpeg 1080w\" sizes=\"(max-width: 300px) 100vw, 300px\" \/><\/p>\n<p class=\"p1\"><span class=\"s1\"><br \/>\nZuerst steht ein <b>\u201eMitmachvormittag<\/b>\u201c f\u00fcr Klassen der Volksschule Lanzendorf auf dem Programm.<\/span><\/p>\n<p class=\"p1\"><span class=\"s1\">Am Abend findet um 18.00 ein Klaviervortragsabend mit Sch\u00fclerinnen und Sch\u00fclern von Mag. Martina Raab, MA in der Aula der Volksschule Lanzendorf statt.<\/span><\/p>\n<p><img loading=\"lazy\" class=\"alignnone size-medium wp-image-2089\" src=\"http:\/\/neu.musikschule-suedheide.at\/wp-content\/uploads\/2024\/05\/phonto-300x300.jpeg\" alt=\"\" width=\"300\" height=\"300\" srcset=\"http:\/\/neu.musikschule-suedheide.at\/wp-content\/uploads\/2024\/05\/phonto-300x300.jpeg 300w, http:\/\/neu.musikschule-suedheide.at\/wp-content\/uploads\/2024\/05\/phonto-1024x1024.jpeg 1024w, http:\/\/neu.musikschule-suedheide.at\/wp-content\/uploads\/2024\/05\/phonto-150x150.jpeg 150w, http:\/\/neu.musikschule-suedheide.at\/wp-content\/uploads\/2024\/05\/phonto-768x768.jpeg 768w, http:\/\/neu.musikschule-suedheide.at\/wp-content\/uploads\/2024\/05\/phonto-100x100.jpeg 100w, http:\/\/neu.musikschule-suedheide.at\/wp-content\/uploads\/2024\/05\/phonto.jpeg 1080w\" sizes=\"(max-width: 300px) 100vw, 300px\" \/><\/p>\n<p><b>3.5.2024 \u00a018.00 <\/b>\u00a0<b>mit Sch\u00fclerinnen und Sch\u00fclern von \u00a0 \u00a0 \u00a0 \u00a0 \u00a0 \u00a0 \u00a0 \u00a0 \u00a0 \u00a0 \u00a0 \u00a0 \u00a0 \u00a0 \u00a0 \u00a0 \u00a0 \u00a0 \u00a0 \u00a0 \u00a0 \u00a0 <\/b><b style=\"font-size: 1rem;\">Mag. Martina Raab, MA<\/b><\/p>\n<p><b>Beginn: 18.00<\/b><\/p>\n<p><b>Ort: Aula der VS Lanzendorf, Schulg. 2, 2326 Lanzendorf\u00a0<\/b><\/p>\n<p><span style=\"font-size: 1rem;\">Weiter geht es morgen<\/span>\u00a0 <span style=\"font-size: 1rem;\">mit einem musikalischen Highlight, auf das wir uns jedes Jahr<\/span>\u00a0 <span style=\"font-size: 1rem;\">freuen: Die musikalische Umrahmung der <b>Muttertagsfeier<\/b> im Volksheim Ebergassing ist seit vielen Jahren fixer und bei unseren Sch\u00fclerinnen und Sch\u00fclern sehr beliebter <\/span><span style=\"font-size: 1rem;\">Bestandteil unseres Jahreskalenders.<\/span><\/p>\n<p class=\"p1\"><span class=\"s1\">Heuer sind wir mit Tanz, Gitarrenensembles, Streicherensemble, Klavier und Schlagzeug dabei.<\/span><\/p>\n<p><img loading=\"lazy\" class=\"alignnone size-medium wp-image-2090\" src=\"http:\/\/neu.musikschule-suedheide.at\/wp-content\/uploads\/2024\/05\/IMG_3646-300x297.jpeg\" alt=\"\" width=\"300\" height=\"297\" srcset=\"http:\/\/neu.musikschule-suedheide.at\/wp-content\/uploads\/2024\/05\/IMG_3646-300x297.jpeg 300w, http:\/\/neu.musikschule-suedheide.at\/wp-content\/uploads\/2024\/05\/IMG_3646-1024x1013.jpeg 1024w, http:\/\/neu.musikschule-suedheide.at\/wp-content\/uploads\/2024\/05\/IMG_3646-150x150.jpeg 150w, http:\/\/neu.musikschule-suedheide.at\/wp-content\/uploads\/2024\/05\/IMG_3646-768x759.jpeg 768w, http:\/\/neu.musikschule-suedheide.at\/wp-content\/uploads\/2024\/05\/IMG_3646-100x100.jpeg 100w, http:\/\/neu.musikschule-suedheide.at\/wp-content\/uploads\/2024\/05\/IMG_3646.jpeg 1080w\" sizes=\"(max-width: 300px) 100vw, 300px\" \/><\/p>\n<p><b>Muttertagsfeier im Volksheim Ebergassing\u00a0<\/b><\/p>\n<p><b>3.5. 2024 Auftrittszeit Musikschule: vorauss. 14.00<\/b><\/p>\n<p><b>Ort: Volksheim Ebergassing, Franzensthalstr. 16, 2435 Ebergassing<\/b><\/p>\n<p class=\"p1\"><span class=\"s1\">Was dieses Event von unseren sonstigen Klassenabenden abhebt, ist der einzigartige Rahmen: Unsere jungen Talente performen auf einer gro\u00dfen B\u00fchne und stehen im B\u00fchnen-Scheinwerferlicht &#8211; f\u00fcr alle ein ganz besonderes Erlebnis.<\/span><\/p>\n<p class=\"p1\"><span class=\"s1\">Live gemeinsam vor Publikum<span class=\"Apple-converted-space\">\u00a0 <\/span>musizieren, singen und tanzen kann auch hei\u00dfen \u00fcber sich selbst hinauszuwachsen und neue Facetten an sich selbst zu entdecken!<\/span><\/p>\n<p class=\"p1\"><span class=\"s1\">Dieses Gef\u00fchl, wenn man da im Rampenlicht steht und sich die Begeisterung an der Musik aufs Publikum \u00fcbertr\u00e4gt &#8211; wer das einmal erlebt und Gefallen daran gefunden hat, der oder die steht dann bestimmt auch Herausforderungen in der Schule oder Studium wie z.B. Referate, Matura und Pr\u00e4sentationen souver\u00e4n gegen\u00fcber bzw. kann viel Routine aus Musikschulauftritten mitnehmen.<\/span><\/p>\n<p class=\"p1\"><span class=\"s1\">Wir w\u00fcnschen allen Mitwirkenden Alles Gute<span class=\"Apple-converted-space\">\u00a0 <\/span>f\u00fcr die finalen Vorbereitungen sowie Proben und nat\u00fcrlich toi-toi-toi f\u00fcr ihren Auftritt!<\/span><\/p>\n<p>&nbsp;<\/p>\n<p>Created with Canva<\/p>\n<p>Phonto<\/p>\n<p>Pixlr<\/p>\n<p>Fotocredit: privat sowie Martina Raab<\/p>\n<p>&nbsp;<\/p>\n","protected":false},"excerpt":{"rendered":"<p>&nbsp; Aktuell_Tage der N\u00d6 Musikschulen Ganz Nieder\u00f6sterreich singt und klingt! Wir starten in ein besonders musikalisches Mai-Wochenende, das ganz im Zeichen der \u201eTage der N\u00d6 Musikschulen\u201c steht: Wir freuen uns darauf gemeinsam mit viel Musik\u00a0 in die n\u00e4chsten Tage zu starten! Zuerst steht ein \u201eMitmachvormittag\u201c f\u00fcr Klassen der Volksschule Lanzendorf auf dem Programm. Am Abend &hellip; <\/p>\n<p class=\"link-more\"><a href=\"http:\/\/neu.musikschule-suedheide.at\/?p=2087\" class=\"more-link\"><span class=\"screen-reader-text\">\u201eAktuell_Tage der N\u00d6 Musikschulen_Mitmachvormittag__Klaviervortragsabend &#038; Musikalische Umrahmung der Muttertagsfeier Ebergassing\u201c<\/span> weiterlesen<\/a><\/p>\n","protected":false},"author":2,"featured_media":0,"comment_status":"closed","ping_status":"closed","sticky":false,"template":"","format":"standard","meta":[],"categories":[1],"tags":[],"_links":{"self":[{"href":"http:\/\/neu.musikschule-suedheide.at\/index.php?rest_route=\/wp\/v2\/posts\/2087"}],"collection":[{"href":"http:\/\/neu.musikschule-suedheide.at\/index.php?rest_route=\/wp\/v2\/posts"}],"about":[{"href":"http:\/\/neu.musikschule-suedheide.at\/index.php?rest_route=\/wp\/v2\/types\/post"}],"author":[{"embeddable":true,"href":"http:\/\/neu.musikschule-suedheide.at\/index.php?rest_route=\/wp\/v2\/users\/2"}],"replies":[{"embeddable":true,"href":"http:\/\/neu.musikschule-suedheide.at\/index.php?rest_route=%2Fwp%2Fv2%2Fcomments&post=2087"}],"version-history":[{"count":3,"href":"http:\/\/neu.musikschule-suedheide.at\/index.php?rest_route=\/wp\/v2\/posts\/2087\/revisions"}],"predecessor-version":[{"id":2097,"href":"http:\/\/neu.musikschule-suedheide.at\/index.php?rest_route=\/wp\/v2\/posts\/2087\/revisions\/2097"}],"wp:attachment":[{"href":"http:\/\/neu.musikschule-suedheide.at\/index.php?rest_route=%2Fwp%2Fv2%2Fmedia&parent=2087"}],"wp:term":[{"taxonomy":"category","embeddable":true,"href":"http:\/\/neu.musikschule-suedheide.at\/index.php?rest_route=%2Fwp%2Fv2%2Fcategories&post=2087"},{"taxonomy":"post_tag","embeddable":true,"href":"http:\/\/neu.musikschule-suedheide.at\/index.php?rest_route=%2Fwp%2Fv2%2Ftags&post=2087"}],"curies":[{"name":"wp","href":"https:\/\/api.w.org\/{rel}","templated":true}]}}