{"id":2093,"date":"2024-05-09T16:37:46","date_gmt":"2024-05-09T14:37:46","guid":{"rendered":"http:\/\/neu.musikschule-suedheide.at\/?p=2093"},"modified":"2024-05-09T16:37:46","modified_gmt":"2024-05-09T14:37:46","slug":"aktuell_klassenabend-blockfloete-und-querfloete_22-05-2024_18-00_klasse-meike-melinz-ba-ba-ma","status":"publish","type":"post","link":"http:\/\/neu.musikschule-suedheide.at\/?p=2093","title":{"rendered":"Aktuell_Klassenabend Blockfl\u00f6te und Querfl\u00f6te_22 05 2024_18.00_Klasse Meike Melinz BA BA MA"},"content":{"rendered":"<p>&nbsp;<\/p>\n<p><img loading=\"lazy\" class=\"alignnone size-medium wp-image-2095\" src=\"http:\/\/neu.musikschule-suedheide.at\/wp-content\/uploads\/2024\/05\/IMG_3870-217x300.jpeg\" alt=\"\" width=\"217\" height=\"300\" srcset=\"http:\/\/neu.musikschule-suedheide.at\/wp-content\/uploads\/2024\/05\/IMG_3870-217x300.jpeg 217w, http:\/\/neu.musikschule-suedheide.at\/wp-content\/uploads\/2024\/05\/IMG_3870-741x1024.jpeg 741w, http:\/\/neu.musikschule-suedheide.at\/wp-content\/uploads\/2024\/05\/IMG_3870-768x1062.jpeg 768w, http:\/\/neu.musikschule-suedheide.at\/wp-content\/uploads\/2024\/05\/IMG_3870-1111x1536.jpeg 1111w, http:\/\/neu.musikschule-suedheide.at\/wp-content\/uploads\/2024\/05\/IMG_3870.jpeg 1179w\" sizes=\"(max-width: 217px) 100vw, 217px\" \/><\/p>\n<p>Wir laden herzlich ein zu unserem Klassenabend Blockfl\u00f6te &amp; Querfl\u00f6te mit Sch\u00fclerinnen und Sch\u00fclern von Meike Melinz BA BA MA.<\/p>\n<p>Unsere jungen Blockfl\u00f6te-und Querfl\u00f6te-Talente und Meike Melinz \u00a0freuen sich auf ihren Auftritt am 22.5.2024 um 18.00 im Veranstaltungssaal \/ 1. Stock der Musikschule S\u00fcdheide.<\/p>\n<p>&nbsp;<\/p>\n<p><b>Klassenabend Blockfl\u00f6te \u00a0&amp; Querfl\u00f6te <\/b><\/p>\n<p><b>mit Sch\u00fclerinnen &amp; Sch\u00fclern von Meike Melinz:<\/b><\/p>\n<p><b>22.5.2024<\/b><\/p>\n<p><b>Beginn: 18.00<\/b><\/p>\n<p><b>Ort: <\/b><b>Veranstaltungssaal 1. Stock \/ Musikschule S\u00fcdheide, Standort Zw\u00f6lfaxing<\/b><\/p>\n<p><b>Raiffeisenstr. 27-29, 2322 Zw\u00f6lfaxing<\/b><\/p>\n","protected":false},"excerpt":{"rendered":"<p>&nbsp; Wir laden herzlich ein zu unserem Klassenabend Blockfl\u00f6te &amp; Querfl\u00f6te mit Sch\u00fclerinnen und Sch\u00fclern von Meike Melinz BA BA MA. Unsere jungen Blockfl\u00f6te-und Querfl\u00f6te-Talente und Meike Melinz \u00a0freuen sich auf ihren Auftritt am 22.5.2024 um 18.00 im Veranstaltungssaal \/ 1. Stock der Musikschule S\u00fcdheide. &nbsp; Klassenabend Blockfl\u00f6te \u00a0&amp; Querfl\u00f6te mit Sch\u00fclerinnen &amp; Sch\u00fclern von &hellip; <\/p>\n<p class=\"link-more\"><a href=\"http:\/\/neu.musikschule-suedheide.at\/?p=2093\" class=\"more-link\"><span class=\"screen-reader-text\">\u201eAktuell_Klassenabend Blockfl\u00f6te und Querfl\u00f6te_22 05 2024_18.00_Klasse Meike Melinz BA BA MA\u201c<\/span> weiterlesen<\/a><\/p>\n","protected":false},"author":2,"featured_media":0,"comment_status":"closed","ping_status":"closed","sticky":false,"template":"","format":"standard","meta":[],"categories":[1],"tags":[],"_links":{"self":[{"href":"http:\/\/neu.musikschule-suedheide.at\/index.php?rest_route=\/wp\/v2\/posts\/2093"}],"collection":[{"href":"http:\/\/neu.musikschule-suedheide.at\/index.php?rest_route=\/wp\/v2\/posts"}],"about":[{"href":"http:\/\/neu.musikschule-suedheide.at\/index.php?rest_route=\/wp\/v2\/types\/post"}],"author":[{"embeddable":true,"href":"http:\/\/neu.musikschule-suedheide.at\/index.php?rest_route=\/wp\/v2\/users\/2"}],"replies":[{"embeddable":true,"href":"http:\/\/neu.musikschule-suedheide.at\/index.php?rest_route=%2Fwp%2Fv2%2Fcomments&post=2093"}],"version-history":[{"count":2,"href":"http:\/\/neu.musikschule-suedheide.at\/index.php?rest_route=\/wp\/v2\/posts\/2093\/revisions"}],"predecessor-version":[{"id":2098,"href":"http:\/\/neu.musikschule-suedheide.at\/index.php?rest_route=\/wp\/v2\/posts\/2093\/revisions\/2098"}],"wp:attachment":[{"href":"http:\/\/neu.musikschule-suedheide.at\/index.php?rest_route=%2Fwp%2Fv2%2Fmedia&parent=2093"}],"wp:term":[{"taxonomy":"category","embeddable":true,"href":"http:\/\/neu.musikschule-suedheide.at\/index.php?rest_route=%2Fwp%2Fv2%2Fcategories&post=2093"},{"taxonomy":"post_tag","embeddable":true,"href":"http:\/\/neu.musikschule-suedheide.at\/index.php?rest_route=%2Fwp%2Fv2%2Ftags&post=2093"}],"curies":[{"name":"wp","href":"https:\/\/api.w.org\/{rel}","templated":true}]}}