{"id":2100,"date":"2024-05-12T17:44:41","date_gmt":"2024-05-12T15:44:41","guid":{"rendered":"http:\/\/neu.musikschule-suedheide.at\/?p=2100"},"modified":"2024-05-12T17:44:41","modified_gmt":"2024-05-12T15:44:41","slug":"aktuell_tanzklassenabend-15-05-2024_18-30_volkshaus-himberg_mit-schuelerinnen-und-schuelern-von-mag-barbara-kallinger-ma","status":"publish","type":"post","link":"http:\/\/neu.musikschule-suedheide.at\/?p=2100","title":{"rendered":"Aktuell_Tanzklassenabend 15 05 2024_18.30_Volkshaus Himberg_mit Sch\u00fclerinnen und Sch\u00fclern von Mag. Barbara Kallinger, MA"},"content":{"rendered":"<p>&nbsp;<\/p>\n<p><b>Tanzklassenabend \u201eDer Broadway in Himberg\u201c\u00a0<\/b><\/p>\n<p><b>15.5. 2024 18.30<\/b><\/p>\n<p><span style=\"font-size: 1rem;\">Unsere \u00a0jungen Tanztalente sind seit Monaten flei\u00dfig am Einstudieren ihrer Tanzakrobatik- und Ballett-Tanzchoreographien f\u00fcr unseren diesj\u00e4hrigen Tanzklassenabend, der heuer erstmals in Himberg stattfindet.<\/span><\/p>\n<p class=\"p1\"><span class=\"s1\">Wir freuen uns \u00fcber viel Publikum und laden alle Tanzbegeisterten<span class=\"Apple-converted-space\">\u00a0 <\/span>&#8211; sowie alle, die es noch werden wollen &#8211; herzlich zum Tanzklassenabend unserer Tanzklassen ein!<\/span><\/p>\n<p class=\"p1\"><span class=\"s2\"><b>Tanzklassenabend <\/b><\/span><\/p>\n<p class=\"p1\"><span class=\"s2\"><b>Termin:<span class=\"Apple-converted-space\">\u00a0 <\/span>15.5. 2024 <\/b><\/span><\/p>\n<p class=\"p1\"><span class=\"s2\"><b>Beginn: 18.30 <\/b><\/span><\/p>\n<p class=\"p1\"><span class=\"s2\"><b>Ort: Altes Volkshaus Himberg<\/b><\/span><\/p>\n<p class=\"p1\"><span class=\"s2\"><b>Adresse : Erberpromenade 21, 2325 Himberg<\/b><\/span><\/p>\n<p>&nbsp;<\/p>\n<p><img loading=\"lazy\" class=\"alignnone size-medium wp-image-2102\" src=\"http:\/\/neu.musikschule-suedheide.at\/wp-content\/uploads\/2024\/05\/IMG_1971-228x300.jpeg\" alt=\"\" width=\"228\" height=\"300\" srcset=\"http:\/\/neu.musikschule-suedheide.at\/wp-content\/uploads\/2024\/05\/IMG_1971-228x300.jpeg 228w, http:\/\/neu.musikschule-suedheide.at\/wp-content\/uploads\/2024\/05\/IMG_1971-777x1024.jpeg 777w, http:\/\/neu.musikschule-suedheide.at\/wp-content\/uploads\/2024\/05\/IMG_1971-768x1012.jpeg 768w, http:\/\/neu.musikschule-suedheide.at\/wp-content\/uploads\/2024\/05\/IMG_1971-1166x1536.jpeg 1166w, http:\/\/neu.musikschule-suedheide.at\/wp-content\/uploads\/2024\/05\/IMG_1971-1555x2048.jpeg 1555w, http:\/\/neu.musikschule-suedheide.at\/wp-content\/uploads\/2024\/05\/IMG_1971.jpeg 1640w\" sizes=\"(max-width: 228px) 100vw, 228px\" \/><\/p>\n<p class=\"p1\"><span class=\"s1\">Mag. Barbara Kallinger, MA und die jungen T\u00f6nzerinnen und T\u00f6nzer freuen sich auf Euch!<\/span><\/p>\n<p class=\"p1\"><span class=\"s1\">Es erwartet Euch ein buntes Programm, das heuer im Zeichen des Broadway steht. <\/span><\/p>\n<p class=\"p1\"><span class=\"s1\">Fotocredit &amp; Design: Barbara Kallinger <\/span><\/p>\n","protected":false},"excerpt":{"rendered":"<p>&nbsp; Tanzklassenabend \u201eDer Broadway in Himberg\u201c\u00a0 15.5. 2024 18.30 Unsere \u00a0jungen Tanztalente sind seit Monaten flei\u00dfig am Einstudieren ihrer Tanzakrobatik- und Ballett-Tanzchoreographien f\u00fcr unseren diesj\u00e4hrigen Tanzklassenabend, der heuer erstmals in Himberg stattfindet. Wir freuen uns \u00fcber viel Publikum und laden alle Tanzbegeisterten\u00a0 &#8211; sowie alle, die es noch werden wollen &#8211; herzlich zum Tanzklassenabend unserer &hellip; <\/p>\n<p class=\"link-more\"><a href=\"http:\/\/neu.musikschule-suedheide.at\/?p=2100\" class=\"more-link\"><span class=\"screen-reader-text\">\u201eAktuell_Tanzklassenabend 15 05 2024_18.30_Volkshaus Himberg_mit Sch\u00fclerinnen und Sch\u00fclern von Mag. Barbara Kallinger, MA\u201c<\/span> weiterlesen<\/a><\/p>\n","protected":false},"author":2,"featured_media":0,"comment_status":"closed","ping_status":"closed","sticky":false,"template":"","format":"standard","meta":[],"categories":[1],"tags":[],"_links":{"self":[{"href":"http:\/\/neu.musikschule-suedheide.at\/index.php?rest_route=\/wp\/v2\/posts\/2100"}],"collection":[{"href":"http:\/\/neu.musikschule-suedheide.at\/index.php?rest_route=\/wp\/v2\/posts"}],"about":[{"href":"http:\/\/neu.musikschule-suedheide.at\/index.php?rest_route=\/wp\/v2\/types\/post"}],"author":[{"embeddable":true,"href":"http:\/\/neu.musikschule-suedheide.at\/index.php?rest_route=\/wp\/v2\/users\/2"}],"replies":[{"embeddable":true,"href":"http:\/\/neu.musikschule-suedheide.at\/index.php?rest_route=%2Fwp%2Fv2%2Fcomments&post=2100"}],"version-history":[{"count":1,"href":"http:\/\/neu.musikschule-suedheide.at\/index.php?rest_route=\/wp\/v2\/posts\/2100\/revisions"}],"predecessor-version":[{"id":2103,"href":"http:\/\/neu.musikschule-suedheide.at\/index.php?rest_route=\/wp\/v2\/posts\/2100\/revisions\/2103"}],"wp:attachment":[{"href":"http:\/\/neu.musikschule-suedheide.at\/index.php?rest_route=%2Fwp%2Fv2%2Fmedia&parent=2100"}],"wp:term":[{"taxonomy":"category","embeddable":true,"href":"http:\/\/neu.musikschule-suedheide.at\/index.php?rest_route=%2Fwp%2Fv2%2Fcategories&post=2100"},{"taxonomy":"post_tag","embeddable":true,"href":"http:\/\/neu.musikschule-suedheide.at\/index.php?rest_route=%2Fwp%2Fv2%2Ftags&post=2100"}],"curies":[{"name":"wp","href":"https:\/\/api.w.org\/{rel}","templated":true}]}}