{"id":2110,"date":"2024-05-27T01:08:10","date_gmt":"2024-05-26T23:08:10","guid":{"rendered":"http:\/\/neu.musikschule-suedheide.at\/?p=2110"},"modified":"2024-05-27T01:08:10","modified_gmt":"2024-05-26T23:08:10","slug":"aktuell_klassenabende-violine_viola_sowie-reminder-abmeldefrist-31-5-2024","status":"publish","type":"post","link":"http:\/\/neu.musikschule-suedheide.at\/?p=2110","title":{"rendered":"Aktuell_Klassenabende Violine_Viola_sowie Reminder Abmeldefrist 31.5.2024"},"content":{"rendered":"<p data-removefontsize=\"true\" data-originalcomputedfontsize=\"16\"><img loading=\"lazy\" class=\"alignnone size-medium wp-image-2113\" src=\"http:\/\/neu.musikschule-suedheide.at\/wp-content\/uploads\/2024\/05\/IMG_1976-300x300.jpeg\" alt=\"\" width=\"300\" height=\"300\" srcset=\"http:\/\/neu.musikschule-suedheide.at\/wp-content\/uploads\/2024\/05\/IMG_1976-300x300.jpeg 300w, http:\/\/neu.musikschule-suedheide.at\/wp-content\/uploads\/2024\/05\/IMG_1976-1024x1024.jpeg 1024w, http:\/\/neu.musikschule-suedheide.at\/wp-content\/uploads\/2024\/05\/IMG_1976-150x150.jpeg 150w, http:\/\/neu.musikschule-suedheide.at\/wp-content\/uploads\/2024\/05\/IMG_1976-768x768.jpeg 768w, http:\/\/neu.musikschule-suedheide.at\/wp-content\/uploads\/2024\/05\/IMG_1976-100x100.jpeg 100w, http:\/\/neu.musikschule-suedheide.at\/wp-content\/uploads\/2024\/05\/IMG_1976.jpeg 1079w\" sizes=\"(max-width: 300px) 100vw, 300px\" \/><br \/>\nIn den kommenden Wochen stehen bei uns v.a. die <b>Streichinstrumente<\/b> mit <b>Vortragsabenden<\/b> und <b>Abzeichen<\/b> im Mittelpunkt:<\/p>\n<p data-removefontsize=\"true\" data-originalcomputedfontsize=\"16\">Unsere jungen Talente sind eifrig\u00a0 am Proben und Vorbereiten f\u00fcr unseren\u00a0 <b>Klassenabend Violine &amp; Viola<\/b> in der Aula der Volksschule Lanzendorf mit Sch\u00fclerinnen und Sch\u00fclern von<\/p>\n<p data-removefontsize=\"true\" data-originalcomputedfontsize=\"16\"><b>Mag. Bernadette Schlembach<\/b><\/p>\n<p data-removefontsize=\"true\" data-originalcomputedfontsize=\"16\">sowie von Mag. Martina Raab, MA.<\/p>\n<p><b data-removefontsize=\"true\" data-originalcomputedfontsize=\"16\">Klassenabend Violine\u00a0<\/b><\/p>\n<p><b data-removefontsize=\"true\" data-originalcomputedfontsize=\"16\">Mag. Bernadette Schlembach<\/b><\/p>\n<p data-removefontsize=\"true\" data-originalcomputedfontsize=\"16\">&amp; mit Sch\u00fclerinnen &amp; Sch\u00fclern von<\/p>\n<p data-removefontsize=\"true\" data-originalcomputedfontsize=\"16\">Mag. Martina Raab, MA<\/p>\n<p><b data-removefontsize=\"true\" data-originalcomputedfontsize=\"16\">28.5.2024\u00a0<\/b><\/p>\n<p><b data-removefontsize=\"true\" data-originalcomputedfontsize=\"16\">Beginn: 18.30<\/b><\/p>\n<p><b data-removefontsize=\"true\" data-originalcomputedfontsize=\"16\">Aula der Volksschule Lanzendorf<\/b><\/p>\n<p><b data-removefontsize=\"true\" data-originalcomputedfontsize=\"16\">Adresse:\u00a0 Schulg. 2, 2326 Lanzendorf<\/b><\/p>\n<p data-removefontsize=\"true\" data-originalcomputedfontsize=\"16\">Created with Canva<br \/>\nPhonto<br \/>\nPixlr<\/p>\n<div>\n<p data-removefontsize=\"true\" data-originalcomputedfontsize=\"16\"><img loading=\"lazy\" class=\"alignnone size-medium wp-image-2114\" src=\"http:\/\/neu.musikschule-suedheide.at\/wp-content\/uploads\/2024\/05\/IMG_1977-240x300.jpeg\" alt=\"\" width=\"240\" height=\"300\" srcset=\"http:\/\/neu.musikschule-suedheide.at\/wp-content\/uploads\/2024\/05\/IMG_1977-240x300.jpeg 240w, http:\/\/neu.musikschule-suedheide.at\/wp-content\/uploads\/2024\/05\/IMG_1977-819x1024.jpeg 819w, http:\/\/neu.musikschule-suedheide.at\/wp-content\/uploads\/2024\/05\/IMG_1977-768x960.jpeg 768w, http:\/\/neu.musikschule-suedheide.at\/wp-content\/uploads\/2024\/05\/IMG_1977.jpeg 1114w\" sizes=\"(max-width: 240px) 100vw, 240px\" \/><br \/>\nWir laden herzlich ein zu unserem <b data-removefontsize=\"true\" data-originalcomputedfontsize=\"16\">Klassenabend unter dem Motto<\/b><\/p>\n<p data-removefontsize=\"true\" data-originalcomputedfontsize=\"16\"><b data-removefontsize=\"true\" data-originalcomputedfontsize=\"16\"> \u201eVioline \/ Klavier erleben\u201c von\u00a0<\/b><\/p>\n<p data-removefontsize=\"true\" data-originalcomputedfontsize=\"16\"><b data-removefontsize=\"true\" data-originalcomputedfontsize=\"16\">Mag. Pia Szedenik-Aleksic\u2018 <\/b>sowie mit Sch\u00fclerinnen und Sch\u00fclern von<\/p>\n<p data-removefontsize=\"true\" data-originalcomputedfontsize=\"16\">Mag. Martina Raab, MA.<\/p>\n<p><b data-removefontsize=\"true\" data-originalcomputedfontsize=\"16\">Vortragsabend Violine\u00a0<\/b><\/p>\n<p><b data-removefontsize=\"true\" data-originalcomputedfontsize=\"16\">von Mag. Pia Szedenik-Aleksic\u2018<\/b><\/p>\n<p><b data-removefontsize=\"true\" data-originalcomputedfontsize=\"16\">mit Sch\u00fclerinnen &amp; Sch\u00fclerinnen von\u00a0<\/b><\/p>\n<p><b data-removefontsize=\"true\" data-originalcomputedfontsize=\"16\">Mag. Martina Raab, MA<\/b><\/p>\n<p data-removefontsize=\"true\" data-originalcomputedfontsize=\"16\">am<\/p>\n<p><b data-removefontsize=\"true\" data-originalcomputedfontsize=\"16\">6.6. 2024\u00a0<\/b><\/p>\n<p><b data-removefontsize=\"true\" data-originalcomputedfontsize=\"16\">Beginn: 18.30<\/b><\/p>\n<p><b data-removefontsize=\"true\" data-originalcomputedfontsize=\"16\">Fl\u00fcgelraum in der Neuen Mittelschule Ebergassing \/ Parterre\u00a0<\/b><\/p>\n<p><b data-removefontsize=\"true\" data-originalcomputedfontsize=\"16\">Adresse: Himbergerstr. 1, 2435 Ebergassing\u00a0<\/b><\/p>\n<p data-removefontsize=\"true\" data-originalcomputedfontsize=\"16\">Wir freuen uns auf unser Publikum:<\/p>\n<p data-removefontsize=\"true\" data-originalcomputedfontsize=\"16\">Unsere jungen Talente sind bereits eifrig am Proben und Vorbereiten.<\/p>\n<p data-removefontsize=\"true\" data-originalcomputedfontsize=\"16\">Auf unserem Programm stehen u.a. Werke von Friedrich Seitz, Ferdinand K\u00fcchler, Ezra Jenkinson.<\/p>\n<p data-removefontsize=\"true\" data-originalcomputedfontsize=\"16\">Design: Pia Szedenik-Aleksic\u2018<\/p>\n<p dir=\"auto\"><b data-removefontsize=\"true\" data-originalcomputedfontsize=\"16\">Reminder_Abmeldefrist 31.5.2024<\/b><\/p>\n<p dir=\"auto\"><b data-removefontsize=\"true\" data-originalcomputedfontsize=\"16\"><img loading=\"lazy\" class=\"alignnone size-medium wp-image-2115\" src=\"http:\/\/neu.musikschule-suedheide.at\/wp-content\/uploads\/2024\/05\/IMG_1974-300x300.jpeg\" alt=\"\" width=\"300\" height=\"300\" srcset=\"http:\/\/neu.musikschule-suedheide.at\/wp-content\/uploads\/2024\/05\/IMG_1974-300x300.jpeg 300w, http:\/\/neu.musikschule-suedheide.at\/wp-content\/uploads\/2024\/05\/IMG_1974-1024x1024.jpeg 1024w, http:\/\/neu.musikschule-suedheide.at\/wp-content\/uploads\/2024\/05\/IMG_1974-150x150.jpeg 150w, http:\/\/neu.musikschule-suedheide.at\/wp-content\/uploads\/2024\/05\/IMG_1974-768x768.jpeg 768w, http:\/\/neu.musikschule-suedheide.at\/wp-content\/uploads\/2024\/05\/IMG_1974-100x100.jpeg 100w, http:\/\/neu.musikschule-suedheide.at\/wp-content\/uploads\/2024\/05\/IMG_1974.jpeg 1080w\" sizes=\"(max-width: 300px) 100vw, 300px\" \/>\u00a0 \u00a0<\/b><span data-removefontsize=\"true\" data-originalcomputedfontsize=\"16\"> Created with Canva, Phonto, Pixlr<br \/>\n<\/span><\/p>\n<p dir=\"auto\"><b data-removefontsize=\"true\" data-originalcomputedfontsize=\"16\">Schnuppern aktuell\u00a0<\/b><\/p>\n<p dir=\"auto\"><span style=\"font-size: 1rem;\"><b>Elterninfo_Reminder Ab- und Anmeldungen<\/b><\/span><\/p>\n<div dir=\"auto\">\n<div data-removefontsize=\"true\" data-originalcomputedfontsize=\"16\">\n<p data-removefontsize=\"true\" data-originalcomputedfontsize=\"16\">Liebe Eltern! <span style=\"font-size: 1rem;\">Liebe Sch\u00fclerinnen! Liebe Sch\u00fcler!<\/span><\/p>\n<p data-removefontsize=\"true\" data-originalcomputedfontsize=\"16\">Unsere Abmeldefrist ist wie immer Ende Mai des laufenden Schuljahres:<\/p>\n<p data-removefontsize=\"true\" data-originalcomputedfontsize=\"16\"><b>Bitte alle Abmeldungen schriftlich per Mail bis 31.5.2024 an folgende Mailadresse:<\/b><\/p>\n<p><a href=\"mailto:martina.raab@musikschule-suedheide.at\" target=\"_blank\" rel=\"noopener\" data-removefontsize=\"true\" data-originalcomputedfontsize=\"16\">martina.raab@musikschule-<wbr \/>suedheide.at<\/a><\/p>\n<p data-removefontsize=\"true\" data-originalcomputedfontsize=\"16\">Falls keine Abmeldung in schriftlicher Form per Mail gesandt wurde, bleibt die Anmeldung f\u00fcr <span style=\"font-size: 1rem;\">kommendes Schuljahr bestehen.<\/span><\/p>\n<p data-removefontsize=\"true\" data-originalcomputedfontsize=\"16\"><b>F\u00fcr MFE\/EMP (Musikalische Fr\u00fcherziehung) sowie Kreativer Kindertanz an den Kinderg\u00e4rten sowie f\u00fcr MFE\/EMP in Zw\u00f6lfaxing \u00a0gilt:<\/b><\/p>\n<p data-removefontsize=\"true\" data-originalcomputedfontsize=\"16\"><b>Die Abmeldung erfolgt automatisch. Es muss kein \u00a0Mail gesandt werden.<\/b><\/p>\n<p data-removefontsize=\"true\" data-originalcomputedfontsize=\"16\">Das betrifft die F\u00e4cher MFE\/EMP &amp; Kindertanz an den \u00a0Kinderg\u00e4rten der Standorte unserer <span style=\"font-size: 1rem;\">Mitgliedsgemeinden sowie MFE\/EMP Zw\u00f6lfaxing.<\/span><\/p>\n<p data-removefontsize=\"true\" data-originalcomputedfontsize=\"16\">F\u00fcr <b>Ummeldungen (\u00c4nderung des Faches\/der Unterrichtseinheit) &amp; Neuanmeldungen <\/b>bitte ein<\/p>\n<p data-removefontsize=\"true\" data-originalcomputedfontsize=\"16\"><b>Ummeldeformular<\/b> bzw. <b>Anmeldeformular<\/b> ausf\u00fcllen und mailen:<\/p>\n<p><a href=\"mailto:martina.raab@musikschule-suedheide.at\" target=\"_blank\" rel=\"noopener\" data-removefontsize=\"true\" data-originalcomputedfontsize=\"16\">martina.raab@musikschule-<wbr \/>suedheide.at<\/a><\/p>\n<p>&nbsp;<\/p>\n<div dir=\"auto\"><span style=\"font-family: -apple-system, helveticaneue;\"><b data-removefontsize=\"true\" data-originalcomputedfontsize=\"16\">Schnuppern<\/b><\/span><\/div>\n<p><b style=\"font-size: 1rem;\" data-originalfontsize=\"16px\" data-originalcomputedfontsize=\"16\">Jetzt Schnuppern vereinbaren und unser Lehrerteam kennenlernen:<\/b><\/p>\n<div>\n<p data-originalfontsize=\"16px\" data-originalcomputedfontsize=\"16\"><b>Schuljahr 2024\/25 aktuell!<\/b><\/p>\n<p dir=\"auto\" data-originalfontsize=\"16px\" data-originalcomputedfontsize=\"16\">Wir sind auch auf Instagram, Facebook und You Tube!<br \/>\nAuf You Tube findest Du auch unsere Instrumentenvorstellungsvideos<wbr \/>!<\/p>\n<\/div>\n<p>\u2026 und welches Talent steckt in Dir? Finde es gemeinsam mit uns heraus!<\/p>\n<p data-removefontsize=\"true\" data-originalcomputedfontsize=\"16\">Wir freuen uns auf Dich\/Euch!<\/p>\n<p data-removefontsize=\"true\" data-originalcomputedfontsize=\"16\">Mag. Martina Raab, MA &amp; das Lehrerteam der Musikschule S\u00fcdheide<\/p>\n<p data-removefontsize=\"true\" data-originalcomputedfontsize=\"16\">Tel Mag. Martina Raab, MA 0660 18 07 025<\/p>\n<p data-removefontsize=\"true\" data-originalcomputedfontsize=\"16\">(erreichbar am besten Mo-Fr 7.00-11.00 oder abends ab 19.00)<\/p>\n<p data-removefontsize=\"true\" data-originalcomputedfontsize=\"16\">Mail <a href=\"mailto:martina.raab@musikschule-suedheide.at\" target=\"_blank\" rel=\"noopener\" data-removefontsize=\"true\" data-originalcomputedfontsize=\"16\">martina.raab@musikschule-<wbr \/>suedheide.at<\/a><\/p>\n<p><img loading=\"lazy\" class=\"alignnone size-medium wp-image-2116\" src=\"http:\/\/neu.musikschule-suedheide.at\/wp-content\/uploads\/2024\/05\/IMG_1975-218x300.jpeg\" alt=\"\" width=\"218\" height=\"300\" srcset=\"http:\/\/neu.musikschule-suedheide.at\/wp-content\/uploads\/2024\/05\/IMG_1975-218x300.jpeg 218w, http:\/\/neu.musikschule-suedheide.at\/wp-content\/uploads\/2024\/05\/IMG_1975-745x1024.jpeg 745w, http:\/\/neu.musikschule-suedheide.at\/wp-content\/uploads\/2024\/05\/IMG_1975-768x1056.jpeg 768w, http:\/\/neu.musikschule-suedheide.at\/wp-content\/uploads\/2024\/05\/IMG_1975-1118x1536.jpeg 1118w, http:\/\/neu.musikschule-suedheide.at\/wp-content\/uploads\/2024\/05\/IMG_1975-1490x2048.jpeg 1490w, http:\/\/neu.musikschule-suedheide.at\/wp-content\/uploads\/2024\/05\/IMG_1975.jpeg 1541w\" sizes=\"(max-width: 218px) 100vw, 218px\" \/><\/p>\n<\/div>\n<\/div>\n<p>&nbsp;<\/p>\n<\/div>\n","protected":false},"excerpt":{"rendered":"<p>In den kommenden Wochen stehen bei uns v.a. die Streichinstrumente mit Vortragsabenden und Abzeichen im Mittelpunkt: Unsere jungen Talente sind eifrig\u00a0 am Proben und Vorbereiten f\u00fcr unseren\u00a0 Klassenabend Violine &amp; Viola in der Aula der Volksschule Lanzendorf mit Sch\u00fclerinnen und Sch\u00fclern von Mag. Bernadette Schlembach sowie von Mag. Martina Raab, MA. Klassenabend Violine\u00a0 Mag. Bernadette &hellip; <\/p>\n<p class=\"link-more\"><a href=\"http:\/\/neu.musikschule-suedheide.at\/?p=2110\" class=\"more-link\"><span class=\"screen-reader-text\">\u201eAktuell_Klassenabende Violine_Viola_sowie Reminder Abmeldefrist 31.5.2024\u201c<\/span> weiterlesen<\/a><\/p>\n","protected":false},"author":2,"featured_media":0,"comment_status":"closed","ping_status":"closed","sticky":false,"template":"","format":"standard","meta":[],"categories":[1],"tags":[],"_links":{"self":[{"href":"http:\/\/neu.musikschule-suedheide.at\/index.php?rest_route=\/wp\/v2\/posts\/2110"}],"collection":[{"href":"http:\/\/neu.musikschule-suedheide.at\/index.php?rest_route=\/wp\/v2\/posts"}],"about":[{"href":"http:\/\/neu.musikschule-suedheide.at\/index.php?rest_route=\/wp\/v2\/types\/post"}],"author":[{"embeddable":true,"href":"http:\/\/neu.musikschule-suedheide.at\/index.php?rest_route=\/wp\/v2\/users\/2"}],"replies":[{"embeddable":true,"href":"http:\/\/neu.musikschule-suedheide.at\/index.php?rest_route=%2Fwp%2Fv2%2Fcomments&post=2110"}],"version-history":[{"count":4,"href":"http:\/\/neu.musikschule-suedheide.at\/index.php?rest_route=\/wp\/v2\/posts\/2110\/revisions"}],"predecessor-version":[{"id":2119,"href":"http:\/\/neu.musikschule-suedheide.at\/index.php?rest_route=\/wp\/v2\/posts\/2110\/revisions\/2119"}],"wp:attachment":[{"href":"http:\/\/neu.musikschule-suedheide.at\/index.php?rest_route=%2Fwp%2Fv2%2Fmedia&parent=2110"}],"wp:term":[{"taxonomy":"category","embeddable":true,"href":"http:\/\/neu.musikschule-suedheide.at\/index.php?rest_route=%2Fwp%2Fv2%2Fcategories&post=2110"},{"taxonomy":"post_tag","embeddable":true,"href":"http:\/\/neu.musikschule-suedheide.at\/index.php?rest_route=%2Fwp%2Fv2%2Ftags&post=2110"}],"curies":[{"name":"wp","href":"https:\/\/api.w.org\/{rel}","templated":true}]}}