{"id":2243,"date":"2025-12-01T15:52:34","date_gmt":"2025-12-01T14:52:34","guid":{"rendered":"https:\/\/neu.musikschule-suedheide.at\/?p=2243"},"modified":"2025-12-01T15:52:55","modified_gmt":"2025-12-01T14:52:55","slug":"mitteilung-der-musikschulleitung","status":"publish","type":"post","link":"http:\/\/neu.musikschule-suedheide.at\/?p=2243","title":{"rendered":"Mitteilung der Musikschulleitung"},"content":{"rendered":"<p><strong>Mitteilung der Musikschulleitung\u00a0\u00a0 <\/strong>\u00a0\u00a0\u00a0\u00a0\u00a0\u00a0\u00a0\u00a0\u00a0\u00a0\u00a0\u00a0\u00a0\u00a0\u00a0\u00a0\u00a0\u00a0\u00a0\u00a0\u00a0\u00a0\u00a0\u00a0\u00a0\u00a0\u00a0\u00a0\u00a0\u00a0\u00a0\u00a0\u00a0\u00a0\u00a0\u00a0\u00a0\u00a0\u00a0\u00a0\u00a0\u00a0\u00a0\u00a0\u00a0\u00a0\u00a0\u00a0\u00a0\u00a0\u00a0\u00a0\u00a0\u00a0\u00a0\u00a0\u00a0\u00a0\u00a0\u00a0\u00a0\u00a0\u00a01.12.2025, Zw\u00f6lfaxing<\/p>\n<p>&nbsp;<\/p>\n<p>&nbsp;<\/p>\n<p>Sehr geehrte Damen und Herren, liebe Eltern und Erziehungsberechtigte,<\/p>\n<p>nach zahlreichen R\u00fcckmeldungen m\u00f6chte ich mich im Namen der Musikschule S\u00fcdheide aufrichtig bei Ihnen entschuldigen.<\/p>\n<p>Alle Rechnungen \u2013 sowie gegebenenfalls Mahnungen \u2013 die f\u00fcr Leistungen ausgestellt wurden, die nicht in Anspruch genommen wurden, werden selbstverst\u00e4ndlich vollst\u00e4ndig storniert. Ebenso werden alle m\u00fcndlichen und schriftlichen Abmeldebest\u00e4tigungen, die w\u00e4hrend des vergangenen Schuljahres seitens der fr\u00fcheren Leitung erfolgt sind, noch einmal sorgf\u00e4ltig \u00fcberpr\u00fcft.<\/p>\n<p>Gem\u00e4\u00df unserem Statut und unserer Schulordnung sind Abmeldungen innerhalb eines laufenden Schuljahres ausschlie\u00dflich in besonders begr\u00fcndeten Ausnahmef\u00e4llen m\u00f6glich, etwa bei schwerer Krankheit oder einem weit entfernten Wohnortswechsel. Eine Abmeldung kann daher nur vom Schulerhalter \u2013 dem Gemeindeverband der Musikschule S\u00fcdheide, vertreten durch den Obmann bewilligt werden.<\/p>\n<p>Ich bitte Sie um Kenntnisnahme und stehe Ihnen f\u00fcr weitere Fragen sehr gerne zur Verf\u00fcgung. Sie erreichen mich unter:<\/p>\n<p>E-Mail: <a href=\"mailto:direktion-suedheide@a1business.at\">direktion-suedheide@a1business.at<\/a><\/p>\n<p>Telefon: 0664 855 7123<\/p>\n<p>&nbsp;<\/p>\n<p>Telefonische Erreichbarkeit:<\/p>\n<ul>\n<li>Mittwoch: 14:00\u201315:00 Uhr<\/li>\n<li>Donnerstag: 09:00\u201317:00 Uhr<\/li>\n<li>Freitag: bis 13:00 Uhr (Montag und Dienstag nicht erreichbar)<\/li>\n<\/ul>\n<p>&nbsp;<\/p>\n<p><strong>Vielen Dank f\u00fcr Ihr Verst\u00e4ndnis. <\/strong><\/p>\n<p>Mit freundlichen Gr\u00fc\u00dfen<\/p>\n<p>Dir. Stefan Mancic, BA BA MA<\/p>\n<p>Musikschule S\u00fcdheide<\/p>\n","protected":false},"excerpt":{"rendered":"<p>Mitteilung der Musikschulleitung\u00a0\u00a0 \u00a0\u00a0\u00a0\u00a0\u00a0\u00a0\u00a0\u00a0\u00a0\u00a0\u00a0\u00a0\u00a0\u00a0\u00a0\u00a0\u00a0\u00a0\u00a0\u00a0\u00a0\u00a0\u00a0\u00a0\u00a0\u00a0\u00a0\u00a0\u00a0\u00a0\u00a0\u00a0\u00a0\u00a0\u00a0\u00a0\u00a0\u00a0\u00a0\u00a0\u00a0\u00a0\u00a0\u00a0\u00a0\u00a0\u00a0\u00a0\u00a0\u00a0\u00a0\u00a0\u00a0\u00a0\u00a0\u00a0\u00a0\u00a0\u00a0\u00a0\u00a0\u00a0\u00a01.12.2025, Zw\u00f6lfaxing &nbsp; &nbsp; Sehr geehrte Damen und Herren, liebe Eltern und Erziehungsberechtigte, nach zahlreichen R\u00fcckmeldungen m\u00f6chte ich mich im Namen der Musikschule S\u00fcdheide aufrichtig bei Ihnen entschuldigen. Alle Rechnungen \u2013 sowie gegebenenfalls Mahnungen \u2013 die f\u00fcr Leistungen ausgestellt wurden, die nicht in Anspruch genommen wurden, werden selbstverst\u00e4ndlich vollst\u00e4ndig storniert. Ebenso werden &hellip; <\/p>\n<p class=\"link-more\"><a href=\"http:\/\/neu.musikschule-suedheide.at\/?p=2243\" class=\"more-link\"><span class=\"screen-reader-text\">\u201eMitteilung der Musikschulleitung\u201c<\/span> weiterlesen<\/a><\/p>\n","protected":false},"author":2,"featured_media":2244,"comment_status":"closed","ping_status":"closed","sticky":false,"template":"","format":"standard","meta":[],"categories":[1],"tags":[],"_links":{"self":[{"href":"http:\/\/neu.musikschule-suedheide.at\/index.php?rest_route=\/wp\/v2\/posts\/2243"}],"collection":[{"href":"http:\/\/neu.musikschule-suedheide.at\/index.php?rest_route=\/wp\/v2\/posts"}],"about":[{"href":"http:\/\/neu.musikschule-suedheide.at\/index.php?rest_route=\/wp\/v2\/types\/post"}],"author":[{"embeddable":true,"href":"http:\/\/neu.musikschule-suedheide.at\/index.php?rest_route=\/wp\/v2\/users\/2"}],"replies":[{"embeddable":true,"href":"http:\/\/neu.musikschule-suedheide.at\/index.php?rest_route=%2Fwp%2Fv2%2Fcomments&post=2243"}],"version-history":[{"count":2,"href":"http:\/\/neu.musikschule-suedheide.at\/index.php?rest_route=\/wp\/v2\/posts\/2243\/revisions"}],"predecessor-version":[{"id":2246,"href":"http:\/\/neu.musikschule-suedheide.at\/index.php?rest_route=\/wp\/v2\/posts\/2243\/revisions\/2246"}],"wp:featuredmedia":[{"embeddable":true,"href":"http:\/\/neu.musikschule-suedheide.at\/index.php?rest_route=\/wp\/v2\/media\/2244"}],"wp:attachment":[{"href":"http:\/\/neu.musikschule-suedheide.at\/index.php?rest_route=%2Fwp%2Fv2%2Fmedia&parent=2243"}],"wp:term":[{"taxonomy":"category","embeddable":true,"href":"http:\/\/neu.musikschule-suedheide.at\/index.php?rest_route=%2Fwp%2Fv2%2Fcategories&post=2243"},{"taxonomy":"post_tag","embeddable":true,"href":"http:\/\/neu.musikschule-suedheide.at\/index.php?rest_route=%2Fwp%2Fv2%2Ftags&post=2243"}],"curies":[{"name":"wp","href":"https:\/\/api.w.org\/{rel}","templated":true}]}}