{"id":367,"date":"2017-09-30T12:44:25","date_gmt":"2017-09-30T10:44:25","guid":{"rendered":"http:\/\/neu.musikschule-suedheide.at\/?p=367"},"modified":"2017-09-30T13:00:59","modified_gmt":"2017-09-30T11:00:59","slug":"herbstimpressionen-volinabend-mit-fabiola-simek","status":"publish","type":"post","link":"http:\/\/neu.musikschule-suedheide.at\/?p=367","title":{"rendered":"Herbstimpressionen &#8211; Volinabend mit Fabiola Simek"},"content":{"rendered":"<p>&nbsp;<\/p>\n<p><img loading=\"lazy\" class=\"alignnone size-full wp-image-380\" src=\"http:\/\/neu.musikschule-suedheide.at\/wp-content\/uploads\/2017\/09\/EL_KonzertHerbstimpressionen_Fabiola_2017.png\" alt=\"\" width=\"620\" height=\"876\" srcset=\"http:\/\/neu.musikschule-suedheide.at\/wp-content\/uploads\/2017\/09\/EL_KonzertHerbstimpressionen_Fabiola_2017.png 620w, http:\/\/neu.musikschule-suedheide.at\/wp-content\/uploads\/2017\/09\/EL_KonzertHerbstimpressionen_Fabiola_2017-212x300.png 212w\" sizes=\"(max-width: 620px) 100vw, 620px\" \/><\/p>\n<p>Werke von Mozart, Dvo\u0159\u00e1k und Bruch<\/p>\n<p>Samstag, 21. Oktober 2017, 18:00h<\/p>\n<p>Aula der Volksschule, Raiffeisenstra\u00dfe 27-29, 2322 Zw\u00f6lfaxing<\/p>\n<p>Eintritt frei!<\/p>\n<p><a href=\"http:\/\/neu.musikschule-suedheide.at\/wp-content\/uploads\/2017\/09\/EL_KonzertHerbstimpressionen_Fabiola_2017-1.pdf\">EL_KonzertHerbstimpressionen_Fabiola_2017.pdf<\/a><\/p>\n","protected":false},"excerpt":{"rendered":"<p>&nbsp; Werke von Mozart, Dvo\u0159\u00e1k und Bruch Samstag, 21. Oktober 2017, 18:00h Aula der Volksschule, Raiffeisenstra\u00dfe 27-29, 2322 Zw\u00f6lfaxing Eintritt frei! EL_KonzertHerbstimpressionen_Fabiola_2017.pdf<\/p>\n","protected":false},"author":1,"featured_media":0,"comment_status":"closed","ping_status":"closed","sticky":false,"template":"","format":"image","meta":[],"categories":[1],"tags":[],"_links":{"self":[{"href":"http:\/\/neu.musikschule-suedheide.at\/index.php?rest_route=\/wp\/v2\/posts\/367"}],"collection":[{"href":"http:\/\/neu.musikschule-suedheide.at\/index.php?rest_route=\/wp\/v2\/posts"}],"about":[{"href":"http:\/\/neu.musikschule-suedheide.at\/index.php?rest_route=\/wp\/v2\/types\/post"}],"author":[{"embeddable":true,"href":"http:\/\/neu.musikschule-suedheide.at\/index.php?rest_route=\/wp\/v2\/users\/1"}],"replies":[{"embeddable":true,"href":"http:\/\/neu.musikschule-suedheide.at\/index.php?rest_route=%2Fwp%2Fv2%2Fcomments&post=367"}],"version-history":[{"count":8,"href":"http:\/\/neu.musikschule-suedheide.at\/index.php?rest_route=\/wp\/v2\/posts\/367\/revisions"}],"predecessor-version":[{"id":382,"href":"http:\/\/neu.musikschule-suedheide.at\/index.php?rest_route=\/wp\/v2\/posts\/367\/revisions\/382"}],"wp:attachment":[{"href":"http:\/\/neu.musikschule-suedheide.at\/index.php?rest_route=%2Fwp%2Fv2%2Fmedia&parent=367"}],"wp:term":[{"taxonomy":"category","embeddable":true,"href":"http:\/\/neu.musikschule-suedheide.at\/index.php?rest_route=%2Fwp%2Fv2%2Fcategories&post=367"},{"taxonomy":"post_tag","embeddable":true,"href":"http:\/\/neu.musikschule-suedheide.at\/index.php?rest_route=%2Fwp%2Fv2%2Ftags&post=367"}],"curies":[{"name":"wp","href":"https:\/\/api.w.org\/{rel}","templated":true}]}}