{"id":443,"date":"2017-10-22T07:20:30","date_gmt":"2017-10-22T05:20:30","guid":{"rendered":"http:\/\/neu.musikschule-suedheide.at\/?p=443"},"modified":"2017-11-08T07:22:23","modified_gmt":"2017-11-08T06:22:23","slug":"jung-und-virtuos-ein-besonderer-konzertabend-mit-fabiola-simek-violine","status":"publish","type":"post","link":"http:\/\/neu.musikschule-suedheide.at\/?p=443","title":{"rendered":"Jung und virtuos &#8211; ein besonderer Konzertabend mit Fabiola Simek, Violine"},"content":{"rendered":"<p>Am 21.10.2017 gestaltete Fabiola Simek (Klasse Maria Patera-Miller, MA) einen Violinabend unter dem Motto \u201eHerbstimpressionen\u201c. Die junge Geigerin ist derzeit ein unserer fortgeschrittensten Sch\u00fclerInnen. Als \u00a0bisher einzige unserer Schule ist sie die Tr\u00e4gerin des N\u00d6 Gold-Abzeichens im Fach Violine. Die Physikstudentin studiert derzeit in Innsbruck und widmet sich weiterhin ihrem liebsten Hobby, dem Musizieren. Sie stammt aus einer sehr musikalischen Familie. Sie trug ein \u00e4u\u00dferst anspruchsvolles Programm vor. Begleitet wurde sie von ihrer Lehrerin am Fl\u00fcgel. Obfrau Ulrike Holzer gratulierte herzlich zu dem tollen Konzert und w\u00fcnscht Fabiola weiterhin viel Freude am Musizieren!<\/p>\n<figure id=\"attachment_434\" aria-describedby=\"caption-attachment-434\" style=\"width: 4160px\" class=\"wp-caption alignnone\"><img loading=\"lazy\" class=\"size-full wp-image-434\" src=\"http:\/\/neu.musikschule-suedheide.at\/wp-content\/uploads\/2017\/11\/IMG_20171021_191308.jpg\" alt=\"\" width=\"4160\" height=\"3120\" srcset=\"http:\/\/neu.musikschule-suedheide.at\/wp-content\/uploads\/2017\/11\/IMG_20171021_191308.jpg 4160w, http:\/\/neu.musikschule-suedheide.at\/wp-content\/uploads\/2017\/11\/IMG_20171021_191308-300x225.jpg 300w, http:\/\/neu.musikschule-suedheide.at\/wp-content\/uploads\/2017\/11\/IMG_20171021_191308-768x576.jpg 768w, http:\/\/neu.musikschule-suedheide.at\/wp-content\/uploads\/2017\/11\/IMG_20171021_191308-1024x768.jpg 1024w\" sizes=\"(max-width: 767px) 89vw, (max-width: 1000px) 54vw, (max-width: 1071px) 543px, 580px\" \/><figcaption id=\"caption-attachment-434\" class=\"wp-caption-text\">Ein besonderes Talent: Fabiola Simek, Violine (Fotonachweis: privat)<\/figcaption><\/figure>\n","protected":false},"excerpt":{"rendered":"<p>Am 21.10.2017 gestaltete Fabiola Simek (Klasse Maria Patera-Miller, MA) einen Violinabend unter dem Motto \u201eHerbstimpressionen\u201c. Die junge Geigerin ist derzeit ein unserer fortgeschrittensten Sch\u00fclerInnen. Als \u00a0bisher einzige unserer Schule ist sie die Tr\u00e4gerin des N\u00d6 Gold-Abzeichens im Fach Violine. Die Physikstudentin studiert derzeit in Innsbruck und widmet sich weiterhin ihrem liebsten Hobby, dem Musizieren. Sie &hellip; <\/p>\n<p class=\"link-more\"><a href=\"http:\/\/neu.musikschule-suedheide.at\/?p=443\" class=\"more-link\"><span class=\"screen-reader-text\">\u201eJung und virtuos &#8211; ein besonderer Konzertabend mit Fabiola Simek, Violine\u201c<\/span> weiterlesen<\/a><\/p>\n","protected":false},"author":1,"featured_media":0,"comment_status":"closed","ping_status":"closed","sticky":false,"template":"","format":"standard","meta":[],"categories":[1],"tags":[],"_links":{"self":[{"href":"http:\/\/neu.musikschule-suedheide.at\/index.php?rest_route=\/wp\/v2\/posts\/443"}],"collection":[{"href":"http:\/\/neu.musikschule-suedheide.at\/index.php?rest_route=\/wp\/v2\/posts"}],"about":[{"href":"http:\/\/neu.musikschule-suedheide.at\/index.php?rest_route=\/wp\/v2\/types\/post"}],"author":[{"embeddable":true,"href":"http:\/\/neu.musikschule-suedheide.at\/index.php?rest_route=\/wp\/v2\/users\/1"}],"replies":[{"embeddable":true,"href":"http:\/\/neu.musikschule-suedheide.at\/index.php?rest_route=%2Fwp%2Fv2%2Fcomments&post=443"}],"version-history":[{"count":4,"href":"http:\/\/neu.musikschule-suedheide.at\/index.php?rest_route=\/wp\/v2\/posts\/443\/revisions"}],"predecessor-version":[{"id":447,"href":"http:\/\/neu.musikschule-suedheide.at\/index.php?rest_route=\/wp\/v2\/posts\/443\/revisions\/447"}],"wp:attachment":[{"href":"http:\/\/neu.musikschule-suedheide.at\/index.php?rest_route=%2Fwp%2Fv2%2Fmedia&parent=443"}],"wp:term":[{"taxonomy":"category","embeddable":true,"href":"http:\/\/neu.musikschule-suedheide.at\/index.php?rest_route=%2Fwp%2Fv2%2Fcategories&post=443"},{"taxonomy":"post_tag","embeddable":true,"href":"http:\/\/neu.musikschule-suedheide.at\/index.php?rest_route=%2Fwp%2Fv2%2Ftags&post=443"}],"curies":[{"name":"wp","href":"https:\/\/api.w.org\/{rel}","templated":true}]}}