{"id":448,"date":"2017-10-22T07:22:56","date_gmt":"2017-10-22T05:22:56","guid":{"rendered":"http:\/\/neu.musikschule-suedheide.at\/?p=448"},"modified":"2017-11-08T07:24:35","modified_gmt":"2017-11-08T06:24:35","slug":"silberabzeichen-gitarre-und-bronze-abzeichen-tanz-fuer-bibiane-resetarits","status":"publish","type":"post","link":"http:\/\/neu.musikschule-suedheide.at\/?p=448","title":{"rendered":"Silberabzeichen Gitarre und Bronze-Abzeichen Tanz f\u00fcr Bibiane Resetarits"},"content":{"rendered":"<p>Am 20.10.2017 absolvierte Bibiane Resetarits (Klasse MMag. Garcia Sobreira) das Silber-Abzeichen im Fach Gitarre. Die vielseitige junge Musikerin ist auch eine begeisterte T\u00e4nzerin (siehe Foto, Mitte, als wei\u00dfe Fee bei einer Tanzauff\u00fchrung).<br \/>\nAls erste aller Tanzsch\u00fclerinnen bekam sie vor kurzem das Bronze-Abzeichen verliehen. Besonderes Highlight Ihres Gitarre-Programmes: Sie trug gemeinsam mit ihrer Mutter ein Duo f\u00fcr Klarinette und Gitarre vor. Wir w\u00fcnschen Bibiane weiterhin alles Gute und gratulieren herzlich!<\/p>\n<figure id=\"attachment_436\" aria-describedby=\"caption-attachment-436\" style=\"width: 1200px\" class=\"wp-caption alignnone\"><img loading=\"lazy\" class=\"size-full wp-image-436\" src=\"http:\/\/neu.musikschule-suedheide.at\/wp-content\/uploads\/2017\/11\/Tanz.jpg\" alt=\"\" width=\"1200\" height=\"1600\" srcset=\"http:\/\/neu.musikschule-suedheide.at\/wp-content\/uploads\/2017\/11\/Tanz.jpg 1200w, http:\/\/neu.musikschule-suedheide.at\/wp-content\/uploads\/2017\/11\/Tanz-225x300.jpg 225w, http:\/\/neu.musikschule-suedheide.at\/wp-content\/uploads\/2017\/11\/Tanz-768x1024.jpg 768w\" sizes=\"(max-width: 767px) 89vw, (max-width: 1000px) 54vw, (max-width: 1071px) 543px, 580px\" \/><figcaption id=\"caption-attachment-436\" class=\"wp-caption-text\">Silberabzeichen in Gitarre, Bronze in Tanz- Bibiane errang innerhalb rund eines Jahres beide Abzeichen.(Fotonachweis: privat)<\/figcaption><\/figure>\n","protected":false},"excerpt":{"rendered":"<p>Am 20.10.2017 absolvierte Bibiane Resetarits (Klasse MMag. Garcia Sobreira) das Silber-Abzeichen im Fach Gitarre. Die vielseitige junge Musikerin ist auch eine begeisterte T\u00e4nzerin (siehe Foto, Mitte, als wei\u00dfe Fee bei einer Tanzauff\u00fchrung). Als erste aller Tanzsch\u00fclerinnen bekam sie vor kurzem das Bronze-Abzeichen verliehen. Besonderes Highlight Ihres Gitarre-Programmes: Sie trug gemeinsam mit ihrer Mutter ein Duo &hellip; <\/p>\n<p class=\"link-more\"><a href=\"http:\/\/neu.musikschule-suedheide.at\/?p=448\" class=\"more-link\"><span class=\"screen-reader-text\">\u201eSilberabzeichen Gitarre und Bronze-Abzeichen Tanz f\u00fcr Bibiane Resetarits\u201c<\/span> weiterlesen<\/a><\/p>\n","protected":false},"author":1,"featured_media":0,"comment_status":"closed","ping_status":"closed","sticky":false,"template":"","format":"standard","meta":[],"categories":[1],"tags":[],"_links":{"self":[{"href":"http:\/\/neu.musikschule-suedheide.at\/index.php?rest_route=\/wp\/v2\/posts\/448"}],"collection":[{"href":"http:\/\/neu.musikschule-suedheide.at\/index.php?rest_route=\/wp\/v2\/posts"}],"about":[{"href":"http:\/\/neu.musikschule-suedheide.at\/index.php?rest_route=\/wp\/v2\/types\/post"}],"author":[{"embeddable":true,"href":"http:\/\/neu.musikschule-suedheide.at\/index.php?rest_route=\/wp\/v2\/users\/1"}],"replies":[{"embeddable":true,"href":"http:\/\/neu.musikschule-suedheide.at\/index.php?rest_route=%2Fwp%2Fv2%2Fcomments&post=448"}],"version-history":[{"count":2,"href":"http:\/\/neu.musikschule-suedheide.at\/index.php?rest_route=\/wp\/v2\/posts\/448\/revisions"}],"predecessor-version":[{"id":450,"href":"http:\/\/neu.musikschule-suedheide.at\/index.php?rest_route=\/wp\/v2\/posts\/448\/revisions\/450"}],"wp:attachment":[{"href":"http:\/\/neu.musikschule-suedheide.at\/index.php?rest_route=%2Fwp%2Fv2%2Fmedia&parent=448"}],"wp:term":[{"taxonomy":"category","embeddable":true,"href":"http:\/\/neu.musikschule-suedheide.at\/index.php?rest_route=%2Fwp%2Fv2%2Fcategories&post=448"},{"taxonomy":"post_tag","embeddable":true,"href":"http:\/\/neu.musikschule-suedheide.at\/index.php?rest_route=%2Fwp%2Fv2%2Ftags&post=448"}],"curies":[{"name":"wp","href":"https:\/\/api.w.org\/{rel}","templated":true}]}}