{"id":480,"date":"2017-12-21T08:36:57","date_gmt":"2017-12-21T07:36:57","guid":{"rendered":"http:\/\/neu.musikschule-suedheide.at\/?p=480"},"modified":"2017-12-21T08:36:57","modified_gmt":"2017-12-21T07:36:57","slug":"bericht-wiener-herberg-weihnachtsfeier","status":"publish","type":"post","link":"http:\/\/neu.musikschule-suedheide.at\/?p=480","title":{"rendered":"Bericht Wiener Herberg Weihnachtsfeier"},"content":{"rendered":"<div><\/div>\n<div>\n<div>Im weihnachtlich geschm\u00fcckten Speisesaal des Gesthof Pflug musizierten dieses Jahr junge Talente der Klassen Nina Wurz und Martina Raab und umrahmten mit stimmungsvoller Musik die Feier.<\/div>\n<div>Musikschulleiterin Mag. Martina Raab, MA las eine\u00a0 selbst verfasste Weihnachtsgeschichte vor. Dieser Text \u00fcber einen Weihnachtsbaum und ein kleines Eichh\u00f6rnchen wurde von thematisch passenden Musikst\u00fccken musikalisch illustriert.<\/div>\n<div>Lorenz, Lena, Catrina, Valentina, Tanja, Lukas, Tobias und Claudia gestalteten diese Feier. Zu h\u00f6ren waren St\u00fccke f\u00fcr Klavier, Saxofon und Querfl\u00f6te.<\/div>\n<div>&#8222;Toll war, dass junge Talente, die dieses Schuljahr erst begonnen hatten, gemeinsam mit Sehr Fortgeschrittenen musizierten. Alle waren mit viel Einsatz und\u00a0 Freude dabei. Und na\u00fctrlich ein grosses Dankesch\u00f6n an die Eltern, die live dabei waren und als Fanclub ihre Kinder unterst\u00fctzten&#8220;, zeigten sich Nina Wurz und Martina Raab vom Auftritt ihrer Sch\u00fclerInnen und vom Engagement der Eltern begeistert.<\/div>\n<\/div>\n<div><\/div>\n<div>\n<figure id=\"attachment_487\" aria-describedby=\"caption-attachment-487\" style=\"width: 2627px\" class=\"wp-caption alignnone\"><img loading=\"lazy\" class=\"size-full wp-image-487\" src=\"http:\/\/neu.musikschule-suedheide.at\/wp-content\/uploads\/2017\/12\/wiener-herberg-2017-8.jpg\" alt=\"\" width=\"2627\" height=\"2174\" srcset=\"http:\/\/neu.musikschule-suedheide.at\/wp-content\/uploads\/2017\/12\/wiener-herberg-2017-8.jpg 2627w, http:\/\/neu.musikschule-suedheide.at\/wp-content\/uploads\/2017\/12\/wiener-herberg-2017-8-300x248.jpg 300w, http:\/\/neu.musikschule-suedheide.at\/wp-content\/uploads\/2017\/12\/wiener-herberg-2017-8-768x636.jpg 768w, http:\/\/neu.musikschule-suedheide.at\/wp-content\/uploads\/2017\/12\/wiener-herberg-2017-8-1024x847.jpg 1024w\" sizes=\"(max-width: 767px) 89vw, (max-width: 1000px) 54vw, (max-width: 1071px) 543px, 580px\" \/><figcaption id=\"caption-attachment-487\" class=\"wp-caption-text\">Fotonachweis: privat<\/figcaption><\/figure>\n<figure id=\"attachment_486\" aria-describedby=\"caption-attachment-486\" style=\"width: 2705px\" class=\"wp-caption alignnone\"><img loading=\"lazy\" class=\"size-full wp-image-486\" src=\"http:\/\/neu.musikschule-suedheide.at\/wp-content\/uploads\/2017\/12\/wiener-herberg-2017-5.jpg\" alt=\"\" width=\"2705\" height=\"2505\" srcset=\"http:\/\/neu.musikschule-suedheide.at\/wp-content\/uploads\/2017\/12\/wiener-herberg-2017-5.jpg 2705w, http:\/\/neu.musikschule-suedheide.at\/wp-content\/uploads\/2017\/12\/wiener-herberg-2017-5-300x278.jpg 300w, http:\/\/neu.musikschule-suedheide.at\/wp-content\/uploads\/2017\/12\/wiener-herberg-2017-5-768x711.jpg 768w, http:\/\/neu.musikschule-suedheide.at\/wp-content\/uploads\/2017\/12\/wiener-herberg-2017-5-1024x948.jpg 1024w\" sizes=\"(max-width: 767px) 89vw, (max-width: 1000px) 54vw, (max-width: 1071px) 543px, 580px\" \/><figcaption id=\"caption-attachment-486\" class=\"wp-caption-text\">Fotonachweis: privat<\/figcaption><\/figure>\n<figure id=\"attachment_485\" aria-describedby=\"caption-attachment-485\" style=\"width: 3082px\" class=\"wp-caption alignnone\"><img loading=\"lazy\" class=\"size-full wp-image-485\" src=\"http:\/\/neu.musikschule-suedheide.at\/wp-content\/uploads\/2017\/12\/wiener-herberg-2017-4.jpg\" alt=\"\" width=\"3082\" height=\"2194\" srcset=\"http:\/\/neu.musikschule-suedheide.at\/wp-content\/uploads\/2017\/12\/wiener-herberg-2017-4.jpg 3082w, http:\/\/neu.musikschule-suedheide.at\/wp-content\/uploads\/2017\/12\/wiener-herberg-2017-4-300x214.jpg 300w, http:\/\/neu.musikschule-suedheide.at\/wp-content\/uploads\/2017\/12\/wiener-herberg-2017-4-768x547.jpg 768w, http:\/\/neu.musikschule-suedheide.at\/wp-content\/uploads\/2017\/12\/wiener-herberg-2017-4-1024x729.jpg 1024w\" sizes=\"(max-width: 767px) 89vw, (max-width: 1000px) 54vw, (max-width: 1071px) 543px, 580px\" \/><figcaption id=\"caption-attachment-485\" class=\"wp-caption-text\">Fotonachweis: privat<\/figcaption><\/figure>\n<figure id=\"attachment_484\" aria-describedby=\"caption-attachment-484\" style=\"width: 2848px\" class=\"wp-caption alignnone\"><img loading=\"lazy\" class=\"size-full wp-image-484\" src=\"http:\/\/neu.musikschule-suedheide.at\/wp-content\/uploads\/2017\/12\/wiener-herberg-2017-3.jpg\" alt=\"\" width=\"2848\" height=\"2432\" srcset=\"http:\/\/neu.musikschule-suedheide.at\/wp-content\/uploads\/2017\/12\/wiener-herberg-2017-3.jpg 2848w, http:\/\/neu.musikschule-suedheide.at\/wp-content\/uploads\/2017\/12\/wiener-herberg-2017-3-300x256.jpg 300w, http:\/\/neu.musikschule-suedheide.at\/wp-content\/uploads\/2017\/12\/wiener-herberg-2017-3-768x656.jpg 768w, http:\/\/neu.musikschule-suedheide.at\/wp-content\/uploads\/2017\/12\/wiener-herberg-2017-3-1024x874.jpg 1024w\" sizes=\"(max-width: 767px) 89vw, (max-width: 1000px) 54vw, (max-width: 1071px) 543px, 580px\" \/><figcaption id=\"caption-attachment-484\" class=\"wp-caption-text\">Fotonachweis: privat<\/figcaption><\/figure>\n<figure id=\"attachment_483\" aria-describedby=\"caption-attachment-483\" style=\"width: 3787px\" class=\"wp-caption alignnone\"><img loading=\"lazy\" class=\"size-full wp-image-483\" src=\"http:\/\/neu.musikschule-suedheide.at\/wp-content\/uploads\/2017\/12\/wiener-herberg-2017-2.jpg\" alt=\"\" width=\"3787\" height=\"2316\" srcset=\"http:\/\/neu.musikschule-suedheide.at\/wp-content\/uploads\/2017\/12\/wiener-herberg-2017-2.jpg 3787w, http:\/\/neu.musikschule-suedheide.at\/wp-content\/uploads\/2017\/12\/wiener-herberg-2017-2-300x183.jpg 300w, http:\/\/neu.musikschule-suedheide.at\/wp-content\/uploads\/2017\/12\/wiener-herberg-2017-2-768x470.jpg 768w, http:\/\/neu.musikschule-suedheide.at\/wp-content\/uploads\/2017\/12\/wiener-herberg-2017-2-1024x626.jpg 1024w\" sizes=\"(max-width: 767px) 89vw, (max-width: 1000px) 54vw, (max-width: 1071px) 543px, 580px\" \/><figcaption id=\"caption-attachment-483\" class=\"wp-caption-text\">Fotonachweis: privat<\/figcaption><\/figure>\n<figure id=\"attachment_482\" aria-describedby=\"caption-attachment-482\" style=\"width: 3120px\" class=\"wp-caption alignnone\"><img loading=\"lazy\" class=\"size-full wp-image-482\" src=\"http:\/\/neu.musikschule-suedheide.at\/wp-content\/uploads\/2017\/12\/wiener-herberg-2017-1.jpg\" alt=\"\" width=\"3120\" height=\"1975\" srcset=\"http:\/\/neu.musikschule-suedheide.at\/wp-content\/uploads\/2017\/12\/wiener-herberg-2017-1.jpg 3120w, http:\/\/neu.musikschule-suedheide.at\/wp-content\/uploads\/2017\/12\/wiener-herberg-2017-1-300x190.jpg 300w, http:\/\/neu.musikschule-suedheide.at\/wp-content\/uploads\/2017\/12\/wiener-herberg-2017-1-768x486.jpg 768w, http:\/\/neu.musikschule-suedheide.at\/wp-content\/uploads\/2017\/12\/wiener-herberg-2017-1-1024x648.jpg 1024w\" sizes=\"(max-width: 767px) 89vw, (max-width: 1000px) 54vw, (max-width: 1071px) 543px, 580px\" \/><figcaption id=\"caption-attachment-482\" class=\"wp-caption-text\">Fotonachweis: privat<\/figcaption><\/figure>\n<\/div>\n<div><\/div>\n","protected":false},"excerpt":{"rendered":"<p>Im weihnachtlich geschm\u00fcckten Speisesaal des Gesthof Pflug musizierten dieses Jahr junge Talente der Klassen Nina Wurz und Martina Raab und umrahmten mit stimmungsvoller Musik die Feier. Musikschulleiterin Mag. Martina Raab, MA las eine\u00a0 selbst verfasste Weihnachtsgeschichte vor. Dieser Text \u00fcber einen Weihnachtsbaum und ein kleines Eichh\u00f6rnchen wurde von thematisch passenden Musikst\u00fccken musikalisch illustriert. Lorenz, Lena, &hellip; <\/p>\n<p class=\"link-more\"><a href=\"http:\/\/neu.musikschule-suedheide.at\/?p=480\" class=\"more-link\"><span class=\"screen-reader-text\">\u201eBericht Wiener Herberg Weihnachtsfeier\u201c<\/span> weiterlesen<\/a><\/p>\n","protected":false},"author":1,"featured_media":0,"comment_status":"closed","ping_status":"closed","sticky":false,"template":"","format":"standard","meta":[],"categories":[1],"tags":[],"_links":{"self":[{"href":"http:\/\/neu.musikschule-suedheide.at\/index.php?rest_route=\/wp\/v2\/posts\/480"}],"collection":[{"href":"http:\/\/neu.musikschule-suedheide.at\/index.php?rest_route=\/wp\/v2\/posts"}],"about":[{"href":"http:\/\/neu.musikschule-suedheide.at\/index.php?rest_route=\/wp\/v2\/types\/post"}],"author":[{"embeddable":true,"href":"http:\/\/neu.musikschule-suedheide.at\/index.php?rest_route=\/wp\/v2\/users\/1"}],"replies":[{"embeddable":true,"href":"http:\/\/neu.musikschule-suedheide.at\/index.php?rest_route=%2Fwp%2Fv2%2Fcomments&post=480"}],"version-history":[{"count":3,"href":"http:\/\/neu.musikschule-suedheide.at\/index.php?rest_route=\/wp\/v2\/posts\/480\/revisions"}],"predecessor-version":[{"id":489,"href":"http:\/\/neu.musikschule-suedheide.at\/index.php?rest_route=\/wp\/v2\/posts\/480\/revisions\/489"}],"wp:attachment":[{"href":"http:\/\/neu.musikschule-suedheide.at\/index.php?rest_route=%2Fwp%2Fv2%2Fmedia&parent=480"}],"wp:term":[{"taxonomy":"category","embeddable":true,"href":"http:\/\/neu.musikschule-suedheide.at\/index.php?rest_route=%2Fwp%2Fv2%2Fcategories&post=480"},{"taxonomy":"post_tag","embeddable":true,"href":"http:\/\/neu.musikschule-suedheide.at\/index.php?rest_route=%2Fwp%2Fv2%2Ftags&post=480"}],"curies":[{"name":"wp","href":"https:\/\/api.w.org\/{rel}","templated":true}]}}