{"id":490,"date":"2017-12-21T08:43:20","date_gmt":"2017-12-21T07:43:20","guid":{"rendered":"http:\/\/neu.musikschule-suedheide.at\/?p=490"},"modified":"2017-12-22T09:34:56","modified_gmt":"2017-12-22T08:34:56","slug":"volksheim-weihnachtsfeier","status":"publish","type":"post","link":"http:\/\/neu.musikschule-suedheide.at\/?p=490","title":{"rendered":"Volksheim Weihnachtsfeier"},"content":{"rendered":"<div>Das Besondere dieser Weihnachtsfeier: Wir durften auf der tollen professionellen B\u00fchne des Volksheim Ebergassing musizieren.<\/div>\n<div>Da kam f\u00fcr unsere jungen Mitwirkenden so richtiges B\u00fchnenfeeling auf.<\/div>\n<div><\/div>\n<div>Geboten wurde von der Musikschule ein abwechslungsreiches, vielseitiges Programm mit Tanz, Klarinettenensemble, Klavierbeitr\u00e4gen und Band.<\/div>\n<div><\/div>\n<div>Erstmals bei einer Gemeindeveranstaltung in Ebergassing dabei\u00a0 war Anna Wittner, BSc, die mit ihrem Klarinettenensemble und ihren Klarinettensch\u00fclerInnen f\u00fcr feierliche Stimmung und traditionelle Kl\u00e4nge sorgte.<\/div>\n<div><\/div>\n<div>Die T\u00e4nzerinnen \u00fcberzeugten mit 3 verschiedenen Choreographien, einstudiert von Mag. Barbara Kallinger, MA.<\/div>\n<div><\/div>\n<div>Wie jedes Jahr durften nat\u00fcrlich die jungen Pianisten aus Ebergassing mit ihrem Lehrer Franz Ruiss nicht fehlen, die beliebte Weihnachtslieder vortrugen.<\/div>\n<div><\/div>\n<div>Ein besonderes Highlight war dieses Mal die neu gegr\u00fcndete Band unter der Leitung von Jaroslav Gregorovic, mit Mitwirkenden seiner Schlagzeugklasse (Thomas und Wolfgang), einer Bassistin von MMag. Laura Garcia Sobreira (auch eine Laura, namensgleich mit ihrer Lehrerin), einer S\u00e4ngerin der Klasse Andrea Wiesinger (Heidi) und am Klavier einer Pianistin der Klasse\u00a0 Mag. Martina Raab, MA (Isabel).<\/div>\n<div><\/div>\n<div>Die standort\u00fcbergreifende Band mit Sch\u00fclerInnen des gesamten\u00a0 erhielt f\u00fcr ihre Performance &#8222;On Stage&#8220; viel Applaus:<\/div>\n<div>Eine sch\u00f6ne Weihnachtsfeier, die mit einem besonders abwechslungsreichen Programm f\u00fcr Jung und Junggebliebene punktete.<\/div>\n<div><\/div>\n<div>\n<figure id=\"attachment_492\" aria-describedby=\"caption-attachment-492\" style=\"width: 4160px\" class=\"wp-caption alignnone\"><img loading=\"lazy\" class=\"size-full wp-image-492\" src=\"http:\/\/neu.musikschule-suedheide.at\/wp-content\/uploads\/2017\/12\/Volksheim-2017-1.jpg\" alt=\"\" width=\"4160\" height=\"3120\" srcset=\"http:\/\/neu.musikschule-suedheide.at\/wp-content\/uploads\/2017\/12\/Volksheim-2017-1.jpg 4160w, http:\/\/neu.musikschule-suedheide.at\/wp-content\/uploads\/2017\/12\/Volksheim-2017-1-300x225.jpg 300w, http:\/\/neu.musikschule-suedheide.at\/wp-content\/uploads\/2017\/12\/Volksheim-2017-1-768x576.jpg 768w, http:\/\/neu.musikschule-suedheide.at\/wp-content\/uploads\/2017\/12\/Volksheim-2017-1-1024x768.jpg 1024w\" sizes=\"(max-width: 767px) 89vw, (max-width: 1000px) 54vw, (max-width: 1071px) 543px, 580px\" \/><figcaption id=\"caption-attachment-492\" class=\"wp-caption-text\">Fotonachweis: privat<\/figcaption><\/figure>\n<figure id=\"attachment_493\" aria-describedby=\"caption-attachment-493\" style=\"width: 2211px\" class=\"wp-caption alignnone\"><img loading=\"lazy\" class=\"size-full wp-image-493\" src=\"http:\/\/neu.musikschule-suedheide.at\/wp-content\/uploads\/2017\/12\/Volksheim-2017-2.jpg\" alt=\"\" width=\"2211\" height=\"2368\" srcset=\"http:\/\/neu.musikschule-suedheide.at\/wp-content\/uploads\/2017\/12\/Volksheim-2017-2.jpg 2211w, http:\/\/neu.musikschule-suedheide.at\/wp-content\/uploads\/2017\/12\/Volksheim-2017-2-280x300.jpg 280w, http:\/\/neu.musikschule-suedheide.at\/wp-content\/uploads\/2017\/12\/Volksheim-2017-2-768x823.jpg 768w, http:\/\/neu.musikschule-suedheide.at\/wp-content\/uploads\/2017\/12\/Volksheim-2017-2-956x1024.jpg 956w\" sizes=\"(max-width: 767px) 89vw, (max-width: 1000px) 54vw, (max-width: 1071px) 543px, 580px\" \/><figcaption id=\"caption-attachment-493\" class=\"wp-caption-text\">Fotonachweis: privat<\/figcaption><\/figure>\n<figure id=\"attachment_494\" aria-describedby=\"caption-attachment-494\" style=\"width: 4160px\" class=\"wp-caption alignnone\"><img loading=\"lazy\" class=\"size-full wp-image-494\" src=\"http:\/\/neu.musikschule-suedheide.at\/wp-content\/uploads\/2017\/12\/Volksheim-2017-3.jpg\" alt=\"\" width=\"4160\" height=\"3120\" srcset=\"http:\/\/neu.musikschule-suedheide.at\/wp-content\/uploads\/2017\/12\/Volksheim-2017-3.jpg 4160w, http:\/\/neu.musikschule-suedheide.at\/wp-content\/uploads\/2017\/12\/Volksheim-2017-3-300x225.jpg 300w, http:\/\/neu.musikschule-suedheide.at\/wp-content\/uploads\/2017\/12\/Volksheim-2017-3-768x576.jpg 768w, http:\/\/neu.musikschule-suedheide.at\/wp-content\/uploads\/2017\/12\/Volksheim-2017-3-1024x768.jpg 1024w\" sizes=\"(max-width: 767px) 89vw, (max-width: 1000px) 54vw, (max-width: 1071px) 543px, 580px\" \/><figcaption id=\"caption-attachment-494\" class=\"wp-caption-text\">Fotonachweis: privat<\/figcaption><\/figure>\n<figure id=\"attachment_495\" aria-describedby=\"caption-attachment-495\" style=\"width: 4160px\" class=\"wp-caption alignnone\"><img loading=\"lazy\" class=\"size-full wp-image-495\" src=\"http:\/\/neu.musikschule-suedheide.at\/wp-content\/uploads\/2017\/12\/Volksheim-2017-4.jpg\" alt=\"\" width=\"4160\" height=\"2197\" srcset=\"http:\/\/neu.musikschule-suedheide.at\/wp-content\/uploads\/2017\/12\/Volksheim-2017-4.jpg 4160w, http:\/\/neu.musikschule-suedheide.at\/wp-content\/uploads\/2017\/12\/Volksheim-2017-4-300x158.jpg 300w, http:\/\/neu.musikschule-suedheide.at\/wp-content\/uploads\/2017\/12\/Volksheim-2017-4-768x406.jpg 768w, http:\/\/neu.musikschule-suedheide.at\/wp-content\/uploads\/2017\/12\/Volksheim-2017-4-1024x541.jpg 1024w\" sizes=\"(max-width: 767px) 89vw, (max-width: 1000px) 54vw, (max-width: 1071px) 543px, 580px\" \/><figcaption id=\"caption-attachment-495\" class=\"wp-caption-text\">Fotonachweis: privat<\/figcaption><\/figure>\n<figure id=\"attachment_496\" aria-describedby=\"caption-attachment-496\" style=\"width: 3458px\" class=\"wp-caption alignnone\"><img loading=\"lazy\" class=\"size-full wp-image-496\" src=\"http:\/\/neu.musikschule-suedheide.at\/wp-content\/uploads\/2017\/12\/Volksheim-2017-5.jpg\" alt=\"\" width=\"3458\" height=\"3120\" srcset=\"http:\/\/neu.musikschule-suedheide.at\/wp-content\/uploads\/2017\/12\/Volksheim-2017-5.jpg 3458w, http:\/\/neu.musikschule-suedheide.at\/wp-content\/uploads\/2017\/12\/Volksheim-2017-5-300x271.jpg 300w, http:\/\/neu.musikschule-suedheide.at\/wp-content\/uploads\/2017\/12\/Volksheim-2017-5-768x693.jpg 768w, http:\/\/neu.musikschule-suedheide.at\/wp-content\/uploads\/2017\/12\/Volksheim-2017-5-1024x924.jpg 1024w\" sizes=\"(max-width: 767px) 89vw, (max-width: 1000px) 54vw, (max-width: 1071px) 543px, 580px\" \/><figcaption id=\"caption-attachment-496\" class=\"wp-caption-text\">Fotonachweis: privat<\/figcaption><\/figure>\n<figure id=\"attachment_516\" aria-describedby=\"caption-attachment-516\" style=\"width: 3264px\" class=\"wp-caption alignnone\"><img loading=\"lazy\" class=\"size-full wp-image-516\" src=\"http:\/\/neu.musikschule-suedheide.at\/wp-content\/uploads\/2017\/12\/Volksheim-2017-7.jpg\" alt=\"\" width=\"3264\" height=\"2448\" srcset=\"http:\/\/neu.musikschule-suedheide.at\/wp-content\/uploads\/2017\/12\/Volksheim-2017-7.jpg 3264w, http:\/\/neu.musikschule-suedheide.at\/wp-content\/uploads\/2017\/12\/Volksheim-2017-7-300x225.jpg 300w, http:\/\/neu.musikschule-suedheide.at\/wp-content\/uploads\/2017\/12\/Volksheim-2017-7-768x576.jpg 768w, http:\/\/neu.musikschule-suedheide.at\/wp-content\/uploads\/2017\/12\/Volksheim-2017-7-1024x768.jpg 1024w\" sizes=\"(max-width: 767px) 89vw, (max-width: 1000px) 54vw, (max-width: 1071px) 543px, 580px\" \/><figcaption id=\"caption-attachment-516\" class=\"wp-caption-text\">Fotonachweis: A. Kerschbaumer<\/figcaption><\/figure>\n<figure id=\"attachment_515\" aria-describedby=\"caption-attachment-515\" style=\"width: 3264px\" class=\"wp-caption alignnone\"><img loading=\"lazy\" class=\"size-full wp-image-515\" src=\"http:\/\/neu.musikschule-suedheide.at\/wp-content\/uploads\/2017\/12\/Volksheim-2017-6-1.jpg\" alt=\"\" width=\"3264\" height=\"2448\" srcset=\"http:\/\/neu.musikschule-suedheide.at\/wp-content\/uploads\/2017\/12\/Volksheim-2017-6-1.jpg 3264w, http:\/\/neu.musikschule-suedheide.at\/wp-content\/uploads\/2017\/12\/Volksheim-2017-6-1-300x225.jpg 300w, http:\/\/neu.musikschule-suedheide.at\/wp-content\/uploads\/2017\/12\/Volksheim-2017-6-1-768x576.jpg 768w, http:\/\/neu.musikschule-suedheide.at\/wp-content\/uploads\/2017\/12\/Volksheim-2017-6-1-1024x768.jpg 1024w\" sizes=\"(max-width: 767px) 89vw, (max-width: 1000px) 54vw, (max-width: 1071px) 543px, 580px\" \/><figcaption id=\"caption-attachment-515\" class=\"wp-caption-text\">Fotonachweis: A. Kerschbaumer<\/figcaption><\/figure>\n<\/div>\n","protected":false},"excerpt":{"rendered":"<p>Das Besondere dieser Weihnachtsfeier: Wir durften auf der tollen professionellen B\u00fchne des Volksheim Ebergassing musizieren. Da kam f\u00fcr unsere jungen Mitwirkenden so richtiges B\u00fchnenfeeling auf. Geboten wurde von der Musikschule ein abwechslungsreiches, vielseitiges Programm mit Tanz, Klarinettenensemble, Klavierbeitr\u00e4gen und Band. Erstmals bei einer Gemeindeveranstaltung in Ebergassing dabei\u00a0 war Anna Wittner, BSc, die mit ihrem Klarinettenensemble &hellip; <\/p>\n<p class=\"link-more\"><a href=\"http:\/\/neu.musikschule-suedheide.at\/?p=490\" class=\"more-link\"><span class=\"screen-reader-text\">\u201eVolksheim Weihnachtsfeier\u201c<\/span> weiterlesen<\/a><\/p>\n","protected":false},"author":1,"featured_media":0,"comment_status":"closed","ping_status":"closed","sticky":false,"template":"","format":"standard","meta":[],"categories":[1],"tags":[],"_links":{"self":[{"href":"http:\/\/neu.musikschule-suedheide.at\/index.php?rest_route=\/wp\/v2\/posts\/490"}],"collection":[{"href":"http:\/\/neu.musikschule-suedheide.at\/index.php?rest_route=\/wp\/v2\/posts"}],"about":[{"href":"http:\/\/neu.musikschule-suedheide.at\/index.php?rest_route=\/wp\/v2\/types\/post"}],"author":[{"embeddable":true,"href":"http:\/\/neu.musikschule-suedheide.at\/index.php?rest_route=\/wp\/v2\/users\/1"}],"replies":[{"embeddable":true,"href":"http:\/\/neu.musikschule-suedheide.at\/index.php?rest_route=%2Fwp%2Fv2%2Fcomments&post=490"}],"version-history":[{"count":5,"href":"http:\/\/neu.musikschule-suedheide.at\/index.php?rest_route=\/wp\/v2\/posts\/490\/revisions"}],"predecessor-version":[{"id":514,"href":"http:\/\/neu.musikschule-suedheide.at\/index.php?rest_route=\/wp\/v2\/posts\/490\/revisions\/514"}],"wp:attachment":[{"href":"http:\/\/neu.musikschule-suedheide.at\/index.php?rest_route=%2Fwp%2Fv2%2Fmedia&parent=490"}],"wp:term":[{"taxonomy":"category","embeddable":true,"href":"http:\/\/neu.musikschule-suedheide.at\/index.php?rest_route=%2Fwp%2Fv2%2Fcategories&post=490"},{"taxonomy":"post_tag","embeddable":true,"href":"http:\/\/neu.musikschule-suedheide.at\/index.php?rest_route=%2Fwp%2Fv2%2Ftags&post=490"}],"curies":[{"name":"wp","href":"https:\/\/api.w.org\/{rel}","templated":true}]}}