{"id":556,"date":"2018-01-15T08:47:52","date_gmt":"2018-01-15T07:47:52","guid":{"rendered":"http:\/\/neu.musikschule-suedheide.at\/?p=556"},"modified":"2018-01-15T08:48:00","modified_gmt":"2018-01-15T07:48:00","slug":"veranstaltungen-im-jaenner","status":"publish","type":"post","link":"http:\/\/neu.musikschule-suedheide.at\/?p=556","title":{"rendered":"Veranstaltungen im J\u00e4nner"},"content":{"rendered":"<h4 style=\"text-align: left;\">Klassenabend Schlagzeug mit Sch\u00fclerinnen und Sch\u00fclern von Mag. Jaroslav Gregorovic:<\/h4>\n<p>30.1.2018\u00a0 18.00\u00a0\u00a0 IMS (Aula) Lanzendorf<\/p>\n<h4>Klassenabend Blockfl\u00f6te mit Sch\u00fclerinnen und Sch\u00fclern von Mag. Simone Finster:<\/h4>\n<p>31.1.2018\u00a0 16.30 Aula der Volksschule Zw\u00f6lfaxing<\/p>\n<h4>Vortragabend Gesang und Klavier mit Sch\u00fclerinnen von Andrea Wiesinger (Gesang) &amp; Mag. Martina Raab,MA (Klavier):<\/h4>\n<p>31.1.2018 18.30 Aula der Volksschule Zw\u00f6lfaxing<\/p>\n<p>&nbsp;<\/p>\n","protected":false},"excerpt":{"rendered":"<p>Klassenabend Schlagzeug mit Sch\u00fclerinnen und Sch\u00fclern von Mag. Jaroslav Gregorovic: 30.1.2018\u00a0 18.00\u00a0\u00a0 IMS (Aula) Lanzendorf Klassenabend Blockfl\u00f6te mit Sch\u00fclerinnen und Sch\u00fclern von Mag. Simone Finster: 31.1.2018\u00a0 16.30 Aula der Volksschule Zw\u00f6lfaxing Vortragabend Gesang und Klavier mit Sch\u00fclerinnen von Andrea Wiesinger (Gesang) &amp; Mag. Martina Raab,MA (Klavier): 31.1.2018 18.30 Aula der Volksschule Zw\u00f6lfaxing &nbsp;<\/p>\n","protected":false},"author":1,"featured_media":0,"comment_status":"closed","ping_status":"closed","sticky":false,"template":"","format":"standard","meta":[],"categories":[1],"tags":[],"_links":{"self":[{"href":"http:\/\/neu.musikschule-suedheide.at\/index.php?rest_route=\/wp\/v2\/posts\/556"}],"collection":[{"href":"http:\/\/neu.musikschule-suedheide.at\/index.php?rest_route=\/wp\/v2\/posts"}],"about":[{"href":"http:\/\/neu.musikschule-suedheide.at\/index.php?rest_route=\/wp\/v2\/types\/post"}],"author":[{"embeddable":true,"href":"http:\/\/neu.musikschule-suedheide.at\/index.php?rest_route=\/wp\/v2\/users\/1"}],"replies":[{"embeddable":true,"href":"http:\/\/neu.musikschule-suedheide.at\/index.php?rest_route=%2Fwp%2Fv2%2Fcomments&post=556"}],"version-history":[{"count":2,"href":"http:\/\/neu.musikschule-suedheide.at\/index.php?rest_route=\/wp\/v2\/posts\/556\/revisions"}],"predecessor-version":[{"id":558,"href":"http:\/\/neu.musikschule-suedheide.at\/index.php?rest_route=\/wp\/v2\/posts\/556\/revisions\/558"}],"wp:attachment":[{"href":"http:\/\/neu.musikschule-suedheide.at\/index.php?rest_route=%2Fwp%2Fv2%2Fmedia&parent=556"}],"wp:term":[{"taxonomy":"category","embeddable":true,"href":"http:\/\/neu.musikschule-suedheide.at\/index.php?rest_route=%2Fwp%2Fv2%2Fcategories&post=556"},{"taxonomy":"post_tag","embeddable":true,"href":"http:\/\/neu.musikschule-suedheide.at\/index.php?rest_route=%2Fwp%2Fv2%2Ftags&post=556"}],"curies":[{"name":"wp","href":"https:\/\/api.w.org\/{rel}","templated":true}]}}