{"id":582,"date":"2018-03-06T10:44:48","date_gmt":"2018-03-06T09:44:48","guid":{"rendered":"http:\/\/neu.musikschule-suedheide.at\/?p=582"},"modified":"2018-03-06T10:44:57","modified_gmt":"2018-03-06T09:44:57","slug":"tanz-im-gespraech-in-st-poelten","status":"publish","type":"post","link":"http:\/\/neu.musikschule-suedheide.at\/?p=582","title":{"rendered":"Tanz im Gespr\u00e4ch in St.P\u00f6lten"},"content":{"rendered":"<p>Musikschulen aus verschiedensten Regionen trafen sich am Samstag, den 17.2.2018 im Kulturhaus Wagram \/St. P\u00f6lten zum gro\u00dfen Tanzevent &#8222;Tanz im Gespr\u00e4ch&#8220;.<\/p>\n<p>Wie der Titel schon vermuten l\u00e4sst, ging es nicht ausschlie\u00dflich um Tanz, sondern auch um den Erfahrungs- bzw. Ideenaustausch in Hinblick auf k\u00fcnstlerischen Tanz.<\/p>\n<p>Veronika Larsen, MA &#8211; Fachgruppenkoordinatorin f\u00fcr Tanz &#8211; begr\u00fc\u00dfte das Publikum sowie die Mitwirkenden. Sie stellte jedes einzelne Ensemble vor, erkl\u00e4rte zu jedem auch Wissenswertes zur Besetzung und zur Stilrichtung des jeweiligen Tanzes. In ihren einleitenden Worten brachte sie die Intention des Events, den gemeinsamen Austausch und das Lernen voneinander, auf den Punkt.<\/p>\n<p>130 junge Tanztalente stellten sich nicht nur einer Jury, sondern zweien. Die T\u00e4nzerinnen und T\u00e4nzer aus 11 Musikschulen hatten auf diese Weise die Gelegenheit, andere Ensembles kennen zu lernen und unmittelbares Feedback zu ihrer Performance zu bekommen.<\/p>\n<p>Unser Tanzensemble (Bibiane, Lena Sophie, Ciara Luna, Michelle, Lisa, Simone) tanzte diesmal zum Song &#8222;They don&#8217;t care about us&#8220; von Michael Jackson &#8211; eine mitrei\u00dfende und schwungvolle Performance mit vielen Akrobatikelementen.<\/p>\n<blockquote>\n<p style=\"text-align: center;\">&#8222;Das Coole an diesem Tanzevent war, dass uns eine Experten- und eine Jugendjury bewertet. Das Erlebnis, auf einer gro\u00dfen professionellen B\u00fchne zu performen, war nat\u00fcrlich besonders toll&#8220;, erz\u00e4hlt Tanzp\u00e4dagogin Mag. Barbara Kallinger, MA.<\/p>\n<\/blockquote>\n<p>Nach ihrem Auftritt hatten dann die jungen T\u00e4nzerinnen die Aufgabe,\u00a0 als Jugendjury ein anderes Ensemble zu bewerten und ihre Eindr\u00fccke aus der Zuschauerperspektive dem Publikum zu schildern. Valentina war unsere Gruppensprecherin und sprach souver\u00e4n vor dem Mikrofon.<\/p>\n<p>Musikschulleiterin Mag. Martina Raab, MA war mit in St. P\u00f6lten dabei und freut sich \u00fcber den gelungenen Auftritt unseres fortgeschrittenen Ensembles:<\/p>\n<blockquote><p>Ein gro\u00dfes Danke auch an die Eltern, die durch ihren Einsatz die vielen Termine als Probenvorbereitung und somit unsere Teilnahme an diesem Event erm\u00f6glicht haben. Es war toll, gemeinsam mit Eltern und Sch\u00fclerinnen nach St. P\u00f6lten zu fahren. Schon im Bus war eine coole Stimmung. Die Sch\u00fclerinnen haben die gemeinsame Fahr hin sichtlich genossen. So eine gemeinsame Exkursion ist auch was Besonderes und stimmt auf das gemeinsame Event so richtig ein.<\/p><\/blockquote>\n<p>Danke auch an die tolle Organisation und umsichtige Betreuung vor Ort durch Mitarbeiterinnen des Musikschulmanagements!<\/p>\n<p>Es war eine angenehme, herzliche Atmosph\u00e4re.<\/p>\n<figure id=\"attachment_584\" aria-describedby=\"caption-attachment-584\" style=\"width: 640px\" class=\"wp-caption alignnone\"><img loading=\"lazy\" class=\"size-full wp-image-584\" src=\"http:\/\/neu.musikschule-suedheide.at\/wp-content\/uploads\/2018\/03\/Tanz-i.-Gespr\u00e4ch.jpg\" alt=\"\" width=\"640\" height=\"428\" srcset=\"http:\/\/neu.musikschule-suedheide.at\/wp-content\/uploads\/2018\/03\/Tanz-i.-Gespr\u00e4ch.jpg 640w, http:\/\/neu.musikschule-suedheide.at\/wp-content\/uploads\/2018\/03\/Tanz-i.-Gespr\u00e4ch-300x201.jpg 300w\" sizes=\"(max-width: 640px) 100vw, 640px\" \/><figcaption id=\"caption-attachment-584\" class=\"wp-caption-text\"><strong>Unsere T\u00e4nzerinnen beim Auftritt:<\/strong><br \/>Valentina Kerschbaumer, Ciara Luna Brechelmacher, Michelle Oberkleiner, Bibiane Resetarits, Lena Sophie Wisgrill, Lisa Sykora, Simone Schulitz<br \/>Fotonachweis: Christoph Varga<\/figcaption><\/figure>\n<figure id=\"attachment_585\" aria-describedby=\"caption-attachment-585\" style=\"width: 640px\" class=\"wp-caption alignnone\"><img loading=\"lazy\" class=\"size-full wp-image-585\" src=\"http:\/\/neu.musikschule-suedheide.at\/wp-content\/uploads\/2018\/03\/Tanz-i.Gespr\u00e4ch-2.jpg\" alt=\"\" width=\"640\" height=\"428\" srcset=\"http:\/\/neu.musikschule-suedheide.at\/wp-content\/uploads\/2018\/03\/Tanz-i.Gespr\u00e4ch-2.jpg 640w, http:\/\/neu.musikschule-suedheide.at\/wp-content\/uploads\/2018\/03\/Tanz-i.Gespr\u00e4ch-2-300x201.jpg 300w\" sizes=\"(max-width: 640px) 100vw, 640px\" \/><figcaption id=\"caption-attachment-585\" class=\"wp-caption-text\">Fotonachweis: Christoph Varga<\/figcaption><\/figure>\n<figure id=\"attachment_586\" aria-describedby=\"caption-attachment-586\" style=\"width: 640px\" class=\"wp-caption alignnone\"><img loading=\"lazy\" class=\"size-full wp-image-586\" src=\"http:\/\/neu.musikschule-suedheide.at\/wp-content\/uploads\/2018\/03\/Tanz-i.Gespr\u00e4ch-3.jpg\" alt=\"\" width=\"640\" height=\"428\" srcset=\"http:\/\/neu.musikschule-suedheide.at\/wp-content\/uploads\/2018\/03\/Tanz-i.Gespr\u00e4ch-3.jpg 640w, http:\/\/neu.musikschule-suedheide.at\/wp-content\/uploads\/2018\/03\/Tanz-i.Gespr\u00e4ch-3-300x201.jpg 300w\" sizes=\"(max-width: 640px) 100vw, 640px\" \/><figcaption id=\"caption-attachment-586\" class=\"wp-caption-text\">Fotonachweis: Christoph Varga<\/figcaption><\/figure>\n<figure id=\"attachment_587\" aria-describedby=\"caption-attachment-587\" style=\"width: 4160px\" class=\"wp-caption alignnone\"><img loading=\"lazy\" class=\"size-full wp-image-587\" src=\"http:\/\/neu.musikschule-suedheide.at\/wp-content\/uploads\/2018\/03\/Tanz-i.Gespr\u00e4ch-4.jpg\" alt=\"\" width=\"4160\" height=\"3120\" srcset=\"http:\/\/neu.musikschule-suedheide.at\/wp-content\/uploads\/2018\/03\/Tanz-i.Gespr\u00e4ch-4.jpg 4160w, http:\/\/neu.musikschule-suedheide.at\/wp-content\/uploads\/2018\/03\/Tanz-i.Gespr\u00e4ch-4-300x225.jpg 300w, http:\/\/neu.musikschule-suedheide.at\/wp-content\/uploads\/2018\/03\/Tanz-i.Gespr\u00e4ch-4-768x576.jpg 768w, http:\/\/neu.musikschule-suedheide.at\/wp-content\/uploads\/2018\/03\/Tanz-i.Gespr\u00e4ch-4-1024x768.jpg 1024w\" sizes=\"(max-width: 767px) 89vw, (max-width: 1000px) 54vw, (max-width: 1071px) 543px, 580px\" \/><figcaption id=\"caption-attachment-587\" class=\"wp-caption-text\">Fotonachweis: privat<\/figcaption><\/figure>\n<figure id=\"attachment_588\" aria-describedby=\"caption-attachment-588\" style=\"width: 3120px\" class=\"wp-caption alignnone\"><img loading=\"lazy\" class=\"size-full wp-image-588\" src=\"http:\/\/neu.musikschule-suedheide.at\/wp-content\/uploads\/2018\/03\/Tanz-i.-Gespr\u00e4ch-5.jpg\" alt=\"\" width=\"3120\" height=\"4160\" srcset=\"http:\/\/neu.musikschule-suedheide.at\/wp-content\/uploads\/2018\/03\/Tanz-i.-Gespr\u00e4ch-5.jpg 3120w, http:\/\/neu.musikschule-suedheide.at\/wp-content\/uploads\/2018\/03\/Tanz-i.-Gespr\u00e4ch-5-225x300.jpg 225w, http:\/\/neu.musikschule-suedheide.at\/wp-content\/uploads\/2018\/03\/Tanz-i.-Gespr\u00e4ch-5-768x1024.jpg 768w\" sizes=\"(max-width: 767px) 89vw, (max-width: 1000px) 54vw, (max-width: 1071px) 543px, 580px\" \/><figcaption id=\"caption-attachment-588\" class=\"wp-caption-text\">Fotonachweis: privat<\/figcaption><\/figure>\n<figure id=\"attachment_589\" aria-describedby=\"caption-attachment-589\" style=\"width: 480px\" class=\"wp-caption alignnone\"><img loading=\"lazy\" class=\"size-full wp-image-589\" src=\"http:\/\/neu.musikschule-suedheide.at\/wp-content\/uploads\/2018\/03\/Tanz-i.-Gespr\u00e4ch-6.jpg\" alt=\"\" width=\"480\" height=\"640\" srcset=\"http:\/\/neu.musikschule-suedheide.at\/wp-content\/uploads\/2018\/03\/Tanz-i.-Gespr\u00e4ch-6.jpg 480w, http:\/\/neu.musikschule-suedheide.at\/wp-content\/uploads\/2018\/03\/Tanz-i.-Gespr\u00e4ch-6-225x300.jpg 225w\" sizes=\"(max-width: 480px) 100vw, 480px\" \/><figcaption id=\"caption-attachment-589\" class=\"wp-caption-text\">Fotonachweis: privat<\/figcaption><\/figure>\n<p><strong>Hinter den Kulissen &#8211; Gespanntes Warten auf den Auftritt Backstage und auf der B\u00fchne beim Feedback-Gespr\u00e4ch<\/strong><\/p>\n","protected":false},"excerpt":{"rendered":"<p>Musikschulen aus verschiedensten Regionen trafen sich am Samstag, den 17.2.2018 im Kulturhaus Wagram \/St. P\u00f6lten zum gro\u00dfen Tanzevent &#8222;Tanz im Gespr\u00e4ch&#8220;. Wie der Titel schon vermuten l\u00e4sst, ging es nicht ausschlie\u00dflich um Tanz, sondern auch um den Erfahrungs- bzw. Ideenaustausch in Hinblick auf k\u00fcnstlerischen Tanz. Veronika Larsen, MA &#8211; Fachgruppenkoordinatorin f\u00fcr Tanz &#8211; begr\u00fc\u00dfte das &hellip; <\/p>\n<p class=\"link-more\"><a href=\"http:\/\/neu.musikschule-suedheide.at\/?p=582\" class=\"more-link\"><span class=\"screen-reader-text\">\u201eTanz im Gespr\u00e4ch in St.P\u00f6lten\u201c<\/span> weiterlesen<\/a><\/p>\n","protected":false},"author":1,"featured_media":0,"comment_status":"closed","ping_status":"closed","sticky":false,"template":"","format":"standard","meta":[],"categories":[1],"tags":[],"_links":{"self":[{"href":"http:\/\/neu.musikschule-suedheide.at\/index.php?rest_route=\/wp\/v2\/posts\/582"}],"collection":[{"href":"http:\/\/neu.musikschule-suedheide.at\/index.php?rest_route=\/wp\/v2\/posts"}],"about":[{"href":"http:\/\/neu.musikschule-suedheide.at\/index.php?rest_route=\/wp\/v2\/types\/post"}],"author":[{"embeddable":true,"href":"http:\/\/neu.musikschule-suedheide.at\/index.php?rest_route=\/wp\/v2\/users\/1"}],"replies":[{"embeddable":true,"href":"http:\/\/neu.musikschule-suedheide.at\/index.php?rest_route=%2Fwp%2Fv2%2Fcomments&post=582"}],"version-history":[{"count":3,"href":"http:\/\/neu.musikschule-suedheide.at\/index.php?rest_route=\/wp\/v2\/posts\/582\/revisions"}],"predecessor-version":[{"id":591,"href":"http:\/\/neu.musikschule-suedheide.at\/index.php?rest_route=\/wp\/v2\/posts\/582\/revisions\/591"}],"wp:attachment":[{"href":"http:\/\/neu.musikschule-suedheide.at\/index.php?rest_route=%2Fwp%2Fv2%2Fmedia&parent=582"}],"wp:term":[{"taxonomy":"category","embeddable":true,"href":"http:\/\/neu.musikschule-suedheide.at\/index.php?rest_route=%2Fwp%2Fv2%2Fcategories&post=582"},{"taxonomy":"post_tag","embeddable":true,"href":"http:\/\/neu.musikschule-suedheide.at\/index.php?rest_route=%2Fwp%2Fv2%2Ftags&post=582"}],"curies":[{"name":"wp","href":"https:\/\/api.w.org\/{rel}","templated":true}]}}