{"id":825,"date":"2019-05-22T12:01:01","date_gmt":"2019-05-22T10:01:01","guid":{"rendered":"http:\/\/neu.musikschule-suedheide.at\/?p=825"},"modified":"2019-05-22T12:01:01","modified_gmt":"2019-05-22T10:01:01","slug":"rueckblick-prima-la-musica-2019-sarah-rocked-it-am-weltfrauentag","status":"publish","type":"post","link":"http:\/\/neu.musikschule-suedheide.at\/?p=825","title":{"rendered":"R\u00fcckblick &#8222;Prima la musica 2019&#8220;: Sarah rocked it :) am Weltfrauentag!"},"content":{"rendered":"<figure id=\"attachment_824\" aria-describedby=\"caption-attachment-824\" style=\"width: 2534px\" class=\"wp-caption alignnone\"><img loading=\"lazy\" class=\"size-full wp-image-824\" src=\"http:\/\/neu.musikschule-suedheide.at\/wp-content\/uploads\/2019\/05\/Prima-la-musica_Martina-raab_Sarah-Zwiebler_Simone-Finster.jpg\" alt=\"\" width=\"2534\" height=\"2528\" srcset=\"http:\/\/neu.musikschule-suedheide.at\/wp-content\/uploads\/2019\/05\/Prima-la-musica_Martina-raab_Sarah-Zwiebler_Simone-Finster.jpg 2534w, http:\/\/neu.musikschule-suedheide.at\/wp-content\/uploads\/2019\/05\/Prima-la-musica_Martina-raab_Sarah-Zwiebler_Simone-Finster-150x150.jpg 150w, http:\/\/neu.musikschule-suedheide.at\/wp-content\/uploads\/2019\/05\/Prima-la-musica_Martina-raab_Sarah-Zwiebler_Simone-Finster-300x300.jpg 300w, http:\/\/neu.musikschule-suedheide.at\/wp-content\/uploads\/2019\/05\/Prima-la-musica_Martina-raab_Sarah-Zwiebler_Simone-Finster-768x766.jpg 768w, http:\/\/neu.musikschule-suedheide.at\/wp-content\/uploads\/2019\/05\/Prima-la-musica_Martina-raab_Sarah-Zwiebler_Simone-Finster-1024x1022.jpg 1024w, http:\/\/neu.musikschule-suedheide.at\/wp-content\/uploads\/2019\/05\/Prima-la-musica_Martina-raab_Sarah-Zwiebler_Simone-Finster-100x100.jpg 100w\" sizes=\"(max-width: 767px) 89vw, (max-width: 1000px) 54vw, (max-width: 1071px) 543px, 580px\" \/><figcaption id=\"caption-attachment-824\" class=\"wp-caption-text\">Fotonachweis: privat<\/figcaption><\/figure>\n<p><strong>Congratulations an Sarah Zwiebler zu ihrem 2. Preis in St.P\u00f6lten !<\/strong> Am Weltfrauentag im M\u00e4rz hatte Sarah ihren grossen Auftritt im Festspielhaus beim Wettbewerb. Ein toller Erfolg f\u00fcr die vielseitige Sarah, die in ihrer Freizeit viel musiziert, singt und tanzt.<\/p>\n","protected":false},"excerpt":{"rendered":"<p>Congratulations an Sarah Zwiebler zu ihrem 2. Preis in St.P\u00f6lten ! Am Weltfrauentag im M\u00e4rz hatte Sarah ihren grossen Auftritt im Festspielhaus beim Wettbewerb. Ein toller Erfolg f\u00fcr die vielseitige Sarah, die in ihrer Freizeit viel musiziert, singt und tanzt.<\/p>\n","protected":false},"author":1,"featured_media":0,"comment_status":"closed","ping_status":"closed","sticky":false,"template":"","format":"standard","meta":[],"categories":[1],"tags":[],"_links":{"self":[{"href":"http:\/\/neu.musikschule-suedheide.at\/index.php?rest_route=\/wp\/v2\/posts\/825"}],"collection":[{"href":"http:\/\/neu.musikschule-suedheide.at\/index.php?rest_route=\/wp\/v2\/posts"}],"about":[{"href":"http:\/\/neu.musikschule-suedheide.at\/index.php?rest_route=\/wp\/v2\/types\/post"}],"author":[{"embeddable":true,"href":"http:\/\/neu.musikschule-suedheide.at\/index.php?rest_route=\/wp\/v2\/users\/1"}],"replies":[{"embeddable":true,"href":"http:\/\/neu.musikschule-suedheide.at\/index.php?rest_route=%2Fwp%2Fv2%2Fcomments&post=825"}],"version-history":[{"count":1,"href":"http:\/\/neu.musikschule-suedheide.at\/index.php?rest_route=\/wp\/v2\/posts\/825\/revisions"}],"predecessor-version":[{"id":826,"href":"http:\/\/neu.musikschule-suedheide.at\/index.php?rest_route=\/wp\/v2\/posts\/825\/revisions\/826"}],"wp:attachment":[{"href":"http:\/\/neu.musikschule-suedheide.at\/index.php?rest_route=%2Fwp%2Fv2%2Fmedia&parent=825"}],"wp:term":[{"taxonomy":"category","embeddable":true,"href":"http:\/\/neu.musikschule-suedheide.at\/index.php?rest_route=%2Fwp%2Fv2%2Fcategories&post=825"},{"taxonomy":"post_tag","embeddable":true,"href":"http:\/\/neu.musikschule-suedheide.at\/index.php?rest_route=%2Fwp%2Fv2%2Ftags&post=825"}],"curies":[{"name":"wp","href":"https:\/\/api.w.org\/{rel}","templated":true}]}}