{"id":1038,"date":"2020-07-09T10:01:28","date_gmt":"2020-07-09T08:01:28","guid":{"rendered":"http:\/\/neu.musikschule-suedheide.at\/?p=1038"},"modified":"2020-07-09T10:01:28","modified_gmt":"2020-07-09T08:01:28","slug":"achtung-festnetznummer-des-bueros-in-zwoelfaxing-wegen-umbaus-der-vs-nicht-in-betrieb","status":"publish","type":"post","link":"https:\/\/neu.musikschule-suedheide.at\/?p=1038","title":{"rendered":"ACHTUNG! Festnetznummer des B\u00fcros in Zw\u00f6lfaxing wegen Umbaus der VS nicht in Betrieb"},"content":{"rendered":"<p>Liebe Eltern,<\/p>\n<p>die Volksschule in Zw\u00f6lfaxing wird umgebaut und auch wir bekommen neue sch\u00f6ne R\u00e4ume. Deswegen \u00fcbersiedelt das B\u00fcro auf die R\u00fcckseite der Gemeinde Zw\u00f6lfaxing, \u00fcber die Mailadresse <span style=\"color: #3366ff;\">ms-suedheide@aon.at<\/span> sind wir weiterhin erreichbar, eine Festnetznummer werden wir hier bald bekanntgeben.<\/p>\n<p>Sch\u00f6ne Ferien!<\/p>\n<p>&nbsp;<\/p>\n<p>&nbsp;<\/p>\n","protected":false},"excerpt":{"rendered":"<p>Liebe Eltern, die Volksschule in Zw\u00f6lfaxing wird umgebaut und auch wir bekommen neue sch\u00f6ne R\u00e4ume. Deswegen \u00fcbersiedelt das B\u00fcro auf die R\u00fcckseite der Gemeinde Zw\u00f6lfaxing, \u00fcber die Mailadresse ms-suedheide@aon.at sind wir weiterhin erreichbar, eine Festnetznummer werden wir hier bald bekanntgeben. Sch\u00f6ne Ferien! &nbsp; &nbsp;<\/p>\n","protected":false},"author":1,"featured_media":0,"comment_status":"closed","ping_status":"closed","sticky":false,"template":"","format":"standard","meta":[],"categories":[1],"tags":[],"_links":{"self":[{"href":"https:\/\/neu.musikschule-suedheide.at\/index.php?rest_route=\/wp\/v2\/posts\/1038"}],"collection":[{"href":"https:\/\/neu.musikschule-suedheide.at\/index.php?rest_route=\/wp\/v2\/posts"}],"about":[{"href":"https:\/\/neu.musikschule-suedheide.at\/index.php?rest_route=\/wp\/v2\/types\/post"}],"author":[{"embeddable":true,"href":"https:\/\/neu.musikschule-suedheide.at\/index.php?rest_route=\/wp\/v2\/users\/1"}],"replies":[{"embeddable":true,"href":"https:\/\/neu.musikschule-suedheide.at\/index.php?rest_route=%2Fwp%2Fv2%2Fcomments&post=1038"}],"version-history":[{"count":1,"href":"https:\/\/neu.musikschule-suedheide.at\/index.php?rest_route=\/wp\/v2\/posts\/1038\/revisions"}],"predecessor-version":[{"id":1039,"href":"https:\/\/neu.musikschule-suedheide.at\/index.php?rest_route=\/wp\/v2\/posts\/1038\/revisions\/1039"}],"wp:attachment":[{"href":"https:\/\/neu.musikschule-suedheide.at\/index.php?rest_route=%2Fwp%2Fv2%2Fmedia&parent=1038"}],"wp:term":[{"taxonomy":"category","embeddable":true,"href":"https:\/\/neu.musikschule-suedheide.at\/index.php?rest_route=%2Fwp%2Fv2%2Fcategories&post=1038"},{"taxonomy":"post_tag","embeddable":true,"href":"https:\/\/neu.musikschule-suedheide.at\/index.php?rest_route=%2Fwp%2Fv2%2Ftags&post=1038"}],"curies":[{"name":"wp","href":"https:\/\/api.w.org\/{rel}","templated":true}]}}